{"id":1030,"date":"2023-11-13T10:46:02","date_gmt":"2023-11-13T10:46:02","guid":{"rendered":"https:\/\/interfilm-deutschland.de\/?p=1030"},"modified":"2024-06-01T10:51:14","modified_gmt":"2024-06-01T08:51:14","slug":"perfect-days","status":"publish","type":"post","link":"https:\/\/interfilm-deutschland.de\/?p=1030","title":{"rendered":"Perfect Days"},"content":{"rendered":"\n<figure class=\"wp-block-table\"><table style=\"border-style:none;border-width:0px\"><tbody><tr><td><strong>Preistr\u00e4ger:<\/strong><\/td><td>76. Festival de Cannes 2023, <br>Preis der \u00f6kumenischen Jury<\/td><\/tr><tr><td><strong>Geplanter Filmstart:<\/strong><\/td><td>21.12.2023<\/td><\/tr><tr><td><strong>Regie:<\/strong><\/td><td>Wim Wenders<br>(Japan\/Deutschland 2023)<\/td><\/tr><tr><td><strong>Verleih:<\/strong><\/td><td>DCM<\/td><\/tr><\/tbody><\/table><\/figure>\n\n\n\n<p>\u201ePerfect Days\u201c ist ein Meisterwerk der Filmkunst, ein Juwel mit poetischen Qualit\u00e4ten. Durch die verschiedenen Charaktere vermittelt der Autor eine kraftvolle Geschichte von Hoffnung, Gnade und Verkl\u00e4rung im Alltag. Die W\u00fcrde, die aus dem Stolz auf eine gute Arbeit erw\u00e4chst, der Respekt und die F\u00fcrsorge gegen\u00fcber Kindern und Erwachsenen, Pflanzen und B\u00e4umen sowie ein tiefes Gef\u00fchl der Ehrfurcht, werden als universelle Werte dargestellt, die in der heutigen Gesellschaft fehlen. Wir finden, dass dieser Film eine reine Gnade ist. (Jury-Begr\u00fcndung)<\/p>\n\n\n\n<figure class=\"wp-block-embed is-type-video is-provider-youtube wp-block-embed-youtube wp-embed-aspect-16-9 wp-has-aspect-ratio\"><div class=\"wp-block-embed__wrapper\">\n<iframe loading=\"lazy\" title=\"PERFECT DAYS Trailer German Deutsch UT (2023) Wim Wenders\" width=\"900\" height=\"506\" src=\"https:\/\/www.youtube.com\/embed\/z-E2Z2l_BEA?feature=oembed\" frameborder=\"0\" allow=\"accelerometer; autoplay; clipboard-write; encrypted-media; gyroscope; picture-in-picture; web-share\" referrerpolicy=\"strict-origin-when-cross-origin\" allowfullscreen><\/iframe>\n<\/div><\/figure>\n","protected":false},"excerpt":{"rendered":"<p>76. Festival de Cannes 2023,<br \/>\nPreis der \u00f6kumenischen Jury<\/p>\n","protected":false},"author":2,"featured_media":0,"comment_status":"closed","ping_status":"closed","sticky":false,"template":"","format":"standard","meta":{"_acf_changed":false,"footnotes":""},"categories":[36],"tags":[],"class_list":["post-1030","post","type-post","status-publish","format-standard","hentry","category-preisgekroente-filme"],"acf":[],"publishpress_future_action":{"enabled":false,"date":"2026-05-05 19:42:53","action":"change-status","newStatus":"draft","terms":[],"taxonomy":"category","extraData":[]},"publishpress_future_workflow_manual_trigger":{"enabledWorkflows":[]},"_links":{"self":[{"href":"https:\/\/interfilm-deutschland.de\/index.php?rest_route=\/wp\/v2\/posts\/1030","targetHints":{"allow":["GET"]}}],"collection":[{"href":"https:\/\/interfilm-deutschland.de\/index.php?rest_route=\/wp\/v2\/posts"}],"about":[{"href":"https:\/\/interfilm-deutschland.de\/index.php?rest_route=\/wp\/v2\/types\/post"}],"author":[{"embeddable":true,"href":"https:\/\/interfilm-deutschland.de\/index.php?rest_route=\/wp\/v2\/users\/2"}],"replies":[{"embeddable":true,"href":"https:\/\/interfilm-deutschland.de\/index.php?rest_route=%2Fwp%2Fv2%2Fcomments&post=1030"}],"version-history":[{"count":3,"href":"https:\/\/interfilm-deutschland.de\/index.php?rest_route=\/wp\/v2\/posts\/1030\/revisions"}],"predecessor-version":[{"id":1405,"href":"https:\/\/interfilm-deutschland.de\/index.php?rest_route=\/wp\/v2\/posts\/1030\/revisions\/1405"}],"wp:attachment":[{"href":"https:\/\/interfilm-deutschland.de\/index.php?rest_route=%2Fwp%2Fv2%2Fmedia&parent=1030"}],"wp:term":[{"taxonomy":"category","embeddable":true,"href":"https:\/\/interfilm-deutschland.de\/index.php?rest_route=%2Fwp%2Fv2%2Fcategories&post=1030"},{"taxonomy":"post_tag","embeddable":true,"href":"https:\/\/interfilm-deutschland.de\/index.php?rest_route=%2Fwp%2Fv2%2Ftags&post=1030"}],"curies":[{"name":"wp","href":"https:\/\/api.w.org\/{rel}","templated":true}]}}