{"id":112,"date":"2022-08-25T06:08:25","date_gmt":"2022-08-25T06:08:25","guid":{"rendered":"https:\/\/interfilm-deutschland.de\/?p=112"},"modified":"2023-06-24T08:21:58","modified_gmt":"2023-06-24T08:21:58","slug":"zweitagiges-sonderfestival-mit-ehrengast","status":"publish","type":"post","link":"https:\/\/interfilm-deutschland.de\/?p=112","title":{"rendered":"Zweit\u00e4giges Sonderfestival mit Ehrengast"},"content":{"rendered":"[et_pb_section fb_built=&#8220;1&#8243; admin_label=&#8220;section&#8220; _builder_version=&#8220;4.18.0&#8243; hover_enabled=&#8220;0&#8243; global_colors_info=&#8220;{}&#8220; sticky_enabled=&#8220;0&#8243;][et_pb_row admin_label=&#8220;row&#8220; _builder_version=&#8220;4.16&#8243; background_size=&#8220;initial&#8220; background_position=&#8220;top_left&#8220; background_repeat=&#8220;repeat&#8220; global_colors_info=&#8220;{}&#8220; min_height=&#8220;1846px&#8220;][et_pb_column type=&#8220;4_4&#8243; _builder_version=&#8220;4.16&#8243; custom_padding=&#8220;|||&#8220; global_colors_info=&#8220;{}&#8220; custom_padding__hover=&#8220;|||&#8220;][et_pb_text admin_label=&#8220;Text&#8220; _builder_version=&#8220;4.18.0&#8243; background_size=&#8220;initial&#8220; background_position=&#8220;top_left&#8220; background_repeat=&#8220;repeat&#8220; hover_enabled=&#8220;0&#8243; global_colors_info=&#8220;{}&#8220; sticky_enabled=&#8220;0&#8243; min_height=&#8220;1889px&#8220;]<p><\/p>\n<h3 class=\"wp-block-heading\">Volker Schl\u00f6ndorff erh\u00e4lt Ehrenpreis beim Kirchlichen Filmfestival Spezial<\/h3>\n<p><\/p>\n<p>(kff\/mek) Auch in diesem Jahr m\u00fcssen Filmbegeisterte nicht auf das Kirchliche Filmfestival verzichten. Es findet am 23. und 24. September als \u201eKirchliches Filmfestival Spezial\u201c statt. \u201eWir haben ein zweit\u00e4giges Sonderfestival auf die Beine gestellt, das sicherlich viele Menschen ansprechen wird\u201c, ist Marc Gutzeit vom Veranstalterkreis gl\u00fccklich. Und sowohl die Veranstaltenden als auch die k\u00fcnstlerischen Leiter freuen sich auf vier herausragende Filme und einen prominenten Ehrengast.\u00a0<\/p>\n<p><\/p>\n<p><\/p>\n<figure class=\"wp-block-image alignright size-large is-resized\"><img loading=\"lazy\" decoding=\"async\" src=\"https:\/\/interfilm-deutschland.de\/wp-content\/uploads\/2022\/08\/2022-08-24-Der-Waldmacher-Volker-Schloendorff-Tony-Rinaudo-1024x682.jpg\" alt=\"\" class=\"wp-image-115\" width=\"495\" height=\"330\" srcset=\"https:\/\/interfilm-deutschland.de\/wp-content\/uploads\/2022\/08\/2022-08-24-Der-Waldmacher-Volker-Schloendorff-Tony-Rinaudo-1024x682.jpg 1024w, https:\/\/interfilm-deutschland.de\/wp-content\/uploads\/2022\/08\/2022-08-24-Der-Waldmacher-Volker-Schloendorff-Tony-Rinaudo-300x200.jpg 300w, https:\/\/interfilm-deutschland.de\/wp-content\/uploads\/2022\/08\/2022-08-24-Der-Waldmacher-Volker-Schloendorff-Tony-Rinaudo-768x512.jpg 768w, https:\/\/interfilm-deutschland.de\/wp-content\/uploads\/2022\/08\/2022-08-24-Der-Waldmacher-Volker-Schloendorff-Tony-Rinaudo-1536x1024.jpg 1536w, https:\/\/interfilm-deutschland.de\/wp-content\/uploads\/2022\/08\/2022-08-24-Der-Waldmacher-Volker-Schloendorff-Tony-Rinaudo-1148x765.jpg 1148w, https:\/\/interfilm-deutschland.de\/wp-content\/uploads\/2022\/08\/2022-08-24-Der-Waldmacher-Volker-Schloendorff-Tony-Rinaudo.jpg 1772w\" sizes=\"auto, (max-width: 495px) 100vw, 495px\" \/><\/p>\n<figcaption>Volker Schl\u00f6ndorff (links) pr\u00e4sentiert beim Kirchlichen Filmfestival auch seinen neusten Film \u201eDer Waldmacher\u201c und erh\u00e4lt den Ehrenpreis f\u00fcr sein Lebenswerk. Foto: WorldVison\u00a0<\/figcaption>\n<\/figure>\n<p><\/p>\n<p>\u201eVolker Schl\u00f6ndorff kommt am Samstag zu uns nach Recklinghausen. Er ist einer der wichtigsten und bedeutendsten deutschen Filmemacher. Zwei seiner Filme wird er pr\u00e4sentieren\u201c, freut sich Julia Borries vom Veranstalterkreis auf den 83-J\u00e4hrigen. Im Gep\u00e4ck hat Schl\u00f6ndorff seinen ersten Film \u201eDer junge T\u00f6rless\u201c aus dem Jahr 1966 und seinen aktuellen ersten Dokumentarfilm \u201eDer Waldmacher\u201c, der in diesen Tagen in den Kinos anl\u00e4uft. \u201eEr wird sich nach den Filmen den Fragen des Publikums stellen. Am Abend verleihen wir ihm unseren Ehrenpreis. Daf\u00fcr konnten wir als Laudatorin Julia Helmke gewinnen. Sie engagiert sich seit 2013 als ehrenamtliche Pr\u00e4sidentin der internationalen protestantischen Filmorganisation Interfilm\u201c, informiert sie weiter.\u00a0\u00a0<\/p>\n<p><\/p>\n<p>Los geht es mit dem \u201eKirchlichen Filmfestival Spezial\u201c am Freitag, 23. September, mit zwei Filmen, in denen inspirierende Frauen eine gro\u00dfe Rolle spielen. \u201eWir starten um 17 Uhr mit dem franz\u00f6sischen Film \u201aDie K\u00fcchenbrigade\u2018 von Regisseur Louis-Julien Petit. Er wurde beim diesj\u00e4hrigen Internationalen Filmfest Emden-Norderney vom Publikum mit dem Hauptpreis ausgezeichnet. Ein w\u00fcrdiger Er\u00f6ffnungsfilm\u201c, bewertet Michael M. Kleinschmidt, k\u00fcnstlerischer Leiter. \u00dcber den Besuch des Regisseurs der Sozialkom\u00f6die, die ernste und relevante Themen in humorvoller und liebensw\u00fcrdiger Weise vermittelt, w\u00fcrde sich das Festivalteam freuen. Angefragt ist er auf jeden Fall.\u00a0<\/p>\n<p><\/p>\n<p>Um 19.30 Uhr pr\u00e4sentieren die Verantwortlichen den Film \u201eHive\u201c, was aus dem Albanischen \u00fcbersetzt soviel wie Bienenstock bedeutet. Der Ehemann der Protagonistin Fahrijes gilt seit dem Kriegsende Anfang der 2000er Jahre als vermisst \u2013 wie viele M\u00e4nner in ihrem Dorf im Kosovo. Zus\u00e4tzlich zur Ungewissheit hat die Familie auch finanzielle Sorgen. \u201eVielleicht l\u00e4sst die Geschichte zun\u00e4chst einen traurigen Film erwarten. Das ist er aber nicht. In ihrem preisgekr\u00f6nten Deb\u00fct-Spielfilm zeigt Regisseurin Blerta Basholli eine mutige Frau, die eine Frauengenossenschaft gr\u00fcndet und andere Frauen mit \u00e4hnlichem Schicksal zur Eigenst\u00e4ndigkeit motiviert\u201c, erl\u00e4utert Kleinschmidt. \u201eDie Regisseurin steht uns pers\u00f6nlich oder \u00fcber eine Live-Schaltung f\u00fcr ein Gespr\u00e4ch zur Verf\u00fcgung\u201c, sagt Marc Gutzeit vom Veranstalterkreis.<\/p>\n<p><\/p>\n<p><\/p>\n<figure class=\"wp-block-image alignleft size-large is-resized\"><img loading=\"lazy\" decoding=\"async\" src=\"https:\/\/interfilm-deutschland.de\/wp-content\/uploads\/2022\/08\/2022-08-24-KFF-Spezial1-1024x625.jpg\" alt=\"\" class=\"wp-image-114\" width=\"566\" height=\"345\" srcset=\"https:\/\/interfilm-deutschland.de\/wp-content\/uploads\/2022\/08\/2022-08-24-KFF-Spezial1-1024x625.jpg 1024w, https:\/\/interfilm-deutschland.de\/wp-content\/uploads\/2022\/08\/2022-08-24-KFF-Spezial1-300x183.jpg 300w, https:\/\/interfilm-deutschland.de\/wp-content\/uploads\/2022\/08\/2022-08-24-KFF-Spezial1-768x469.jpg 768w, https:\/\/interfilm-deutschland.de\/wp-content\/uploads\/2022\/08\/2022-08-24-KFF-Spezial1-1253x765.jpg 1253w, https:\/\/interfilm-deutschland.de\/wp-content\/uploads\/2022\/08\/2022-08-24-KFF-Spezial1.jpg 1400w\" sizes=\"auto, (max-width: 566px) 100vw, 566px\" \/><\/p>\n<figcaption>Sie freuen sich gemeinsam auf das Kirchliche Filmfestival Spezial: Dirk van Buer von der Sparkassenstiftung, Julia Borries (Veranstalterkreis, evangelische Erwachsenenbildung), Kai-Uwe Theve\u00dfen, Leiter des Cineworld Recklinghausen, k\u00fcnstlerischer Leiter Michael M. Kleinschmidt, Marc Gutzeit (Veranstalterkreis, Kreisdekanat Recklinghausen), B\u00fcrgermeister Christoph Tesche, Pfarrer Harald Wagner (Veranstalterkreis) und Pastoralreferent Joachim van Eickels (Veranstalterkreis). Foto: KFF\/J\u00f6rg Eilts<\/figcaption>\n<\/figure>\n<p><\/p>\n<p>Auch Schirmherr und B\u00fcrgermeister Christoph Tesche freut sich, dass das Festival in diesem Jahr nicht ausf\u00e4llt. \u201eEs ist eine feste Gr\u00f6\u00dfe in der Kunst- und Kulturszene der Stadt. Die ausgew\u00e4hlten Filme spiegeln Werte, Ethik und Moral wider und sind oft ein Sprachrohr f\u00fcr die Menschen, die sich sonst nicht \u00e4u\u00dfern k\u00f6nnen\u201c, lobt er den \u00f6kumenischen Ansatz. Zudem lege die Veranstaltung ein Augenmerk auf die Kinolandschaft, die immer noch unter der Corona-Krise leide. \u201eIch freue mich, dass Sie diesen Schritt gewagt haben\u201c, richtet er das Wort an die Verantwortlichen. Dirk van Buer von der Kulturstiftung der Sparkasse Vest, die sowohl das Festival als auch die Reihe \u201eKirche und Kino\u201c unterst\u00fctzt, ist froh, das \u201etolle Event unterst\u00fctzen zu k\u00f6nnen. Es dient der Allgemeinheit und zeigt den \u00f6kumenischen Gedanken\u201c. Er sei, wie auch die Veranstaltenden, guter Dinge, dass das Festival im M\u00e4rz wieder in seiner gewohnten Manier stattfinden k\u00f6nne.\u00a0<\/p>\n<p><\/p>\n<p>Alle Filme werden im Festivalkino Cineworld in Recklinghausen gezeigt. \u201eWir starten am 29. August um 13.30 Uhr mit dem Vorverkauf an der Kinokasse und im Internet\u201c, informiert Kai-Uwe Theve\u00dfen, Leiter des Kinos. Die Ticketpreise bewegen sich zwischen sechs und zehn Euro.<\/p>\n<p><\/p>\n<p>Weitere Informationen und das Programm gibt es auf der Internetseite\u00a0<a href=\"http:\/\/www.kirchliches-filmfestival.de\/\">www.kirchliches-filmfestival.de<\/a>.<\/p>\n<p><\/p>[\/et_pb_text][\/et_pb_column][\/et_pb_row][\/et_pb_section]","protected":false},"excerpt":{"rendered":"<p>Volker Schl\u00f6ndorff erh\u00e4lt Ehrenpreis beim Kirchlichen Filmfestival Spezial<\/p>\n","protected":false},"author":1,"featured_media":114,"comment_status":"closed","ping_status":"closed","sticky":false,"template":"","format":"standard","meta":{"_acf_changed":false,"footnotes":""},"categories":[25,1],"tags":[],"class_list":["post-112","post","type-post","status-publish","format-standard","has-post-thumbnail","hentry","category-news","category-uncategorized"],"acf":[],"publishpress_future_action":{"enabled":false,"date":"2026-05-05 21:09:08","action":"change-status","newStatus":"draft","terms":[],"taxonomy":"category","extraData":[]},"publishpress_future_workflow_manual_trigger":{"enabledWorkflows":[]},"_links":{"self":[{"href":"https:\/\/interfilm-deutschland.de\/index.php?rest_route=\/wp\/v2\/posts\/112","targetHints":{"allow":["GET"]}}],"collection":[{"href":"https:\/\/interfilm-deutschland.de\/index.php?rest_route=\/wp\/v2\/posts"}],"about":[{"href":"https:\/\/interfilm-deutschland.de\/index.php?rest_route=\/wp\/v2\/types\/post"}],"author":[{"embeddable":true,"href":"https:\/\/interfilm-deutschland.de\/index.php?rest_route=\/wp\/v2\/users\/1"}],"replies":[{"embeddable":true,"href":"https:\/\/interfilm-deutschland.de\/index.php?rest_route=%2Fwp%2Fv2%2Fcomments&post=112"}],"version-history":[{"count":5,"href":"https:\/\/interfilm-deutschland.de\/index.php?rest_route=\/wp\/v2\/posts\/112\/revisions"}],"predecessor-version":[{"id":271,"href":"https:\/\/interfilm-deutschland.de\/index.php?rest_route=\/wp\/v2\/posts\/112\/revisions\/271"}],"wp:featuredmedia":[{"embeddable":true,"href":"https:\/\/interfilm-deutschland.de\/index.php?rest_route=\/wp\/v2\/media\/114"}],"wp:attachment":[{"href":"https:\/\/interfilm-deutschland.de\/index.php?rest_route=%2Fwp%2Fv2%2Fmedia&parent=112"}],"wp:term":[{"taxonomy":"category","embeddable":true,"href":"https:\/\/interfilm-deutschland.de\/index.php?rest_route=%2Fwp%2Fv2%2Fcategories&post=112"},{"taxonomy":"post_tag","embeddable":true,"href":"https:\/\/interfilm-deutschland.de\/index.php?rest_route=%2Fwp%2Fv2%2Ftags&post=112"}],"curies":[{"name":"wp","href":"https:\/\/api.w.org\/{rel}","templated":true}]}}