{"id":1213,"date":"2024-05-27T17:52:41","date_gmt":"2024-05-27T15:52:41","guid":{"rendered":"https:\/\/interfilm-deutschland.de\/?p=1213"},"modified":"2024-05-27T18:31:24","modified_gmt":"2024-05-27T16:31:24","slug":"kurzfilm-bitte-danke-genau-bei-kunstempfang","status":"publish","type":"post","link":"https:\/\/interfilm-deutschland.de\/?p=1213","title":{"rendered":"Kurzfilm \u201eBitte. Danke. Genau\u201c bei Kunstempfang"},"content":{"rendered":"\n<p>Hannover (epd). Um Fluchterfahrungen ukrainischer Frauen geht es beim diesj\u00e4hrigen Kunstempfang der hannoverschen Landeskirche und der Hanns-Lilje-Stiftung am 4. Juni in der Matth\u00e4uskirche in Hannover. Die ukrainische Filmemacherin Polina Kundirenko wird ihren Kurzfilm \u201eBitte. Danke. Genau\u201c vorstellen. Am anschlie\u00dfenden Gespr\u00e4ch beteiligt sich unter anderem die Pr\u00e4sidentin der kirchlichen Filmorganisation \u201eInterfilm\u201c, Oberkirchenr\u00e4tin Julia Helmke. Der Empfang ist nur f\u00fcr geladene G\u00e4ste.<\/p>\n\n\n\n<p>Kundirenko, die in Kiew studiert hat, zog nach dem russischen Einmarsch nach Berlin. Derzeit studiert sie Filmregie in Potsdam-Babelsberg. In ihrem Film zeichnet sie ein vielschichtiges Portr\u00e4t vier junger Frauen, die aus ihrer Heimat nach Deutschland gefl\u00fcchtet sind. \u201eBitte. Danke. Genau\u201c lief in diesem Jahr unter anderem beim Max-Oph\u00fcls-Filmfestival in Saarbr\u00fccken.<br><\/p>\n","protected":false},"excerpt":{"rendered":"<p>Hannover (epd). Um Fluchterfahrungen ukrainischer Frauen geht es beim diesj\u00e4hrigen Kunstempfang der hannoverschen Landeskirche und der Hanns-Lilje-Stiftung am 4. Juni in der Matth\u00e4uskirche in Hannover. Die ukrainische Filmemacherin Polina Kundirenko wird ihren Kurzfilm \u201eBitte. Danke. Genau\u201c vorstellen. Am anschlie\u00dfenden Gespr\u00e4ch beteiligt sich unter anderem die Pr\u00e4sidentin der kirchlichen Filmorganisation \u201eInterfilm\u201c, Oberkirchenr\u00e4tin Julia Helmke. Der Empfang ist nur f\u00fcr geladene G\u00e4ste. Kundirenko, die in Kiew studiert hat, zog nach dem russischen Einmarsch nach Berlin. Derzeit studiert [&#8230;]<\/p>\n","protected":false},"author":3,"featured_media":1215,"comment_status":"closed","ping_status":"closed","sticky":false,"template":"","format":"standard","meta":{"_acf_changed":false,"footnotes":""},"categories":[25,1],"tags":[],"class_list":["post-1213","post","type-post","status-publish","format-standard","has-post-thumbnail","hentry","category-news","category-uncategorized"],"acf":[],"publishpress_future_action":{"enabled":false,"date":"2026-05-05 18:18:47","action":"change-status","newStatus":"draft","terms":[],"taxonomy":"category","extraData":[]},"publishpress_future_workflow_manual_trigger":{"enabledWorkflows":[]},"_links":{"self":[{"href":"https:\/\/interfilm-deutschland.de\/index.php?rest_route=\/wp\/v2\/posts\/1213","targetHints":{"allow":["GET"]}}],"collection":[{"href":"https:\/\/interfilm-deutschland.de\/index.php?rest_route=\/wp\/v2\/posts"}],"about":[{"href":"https:\/\/interfilm-deutschland.de\/index.php?rest_route=\/wp\/v2\/types\/post"}],"author":[{"embeddable":true,"href":"https:\/\/interfilm-deutschland.de\/index.php?rest_route=\/wp\/v2\/users\/3"}],"replies":[{"embeddable":true,"href":"https:\/\/interfilm-deutschland.de\/index.php?rest_route=%2Fwp%2Fv2%2Fcomments&post=1213"}],"version-history":[{"count":6,"href":"https:\/\/interfilm-deutschland.de\/index.php?rest_route=\/wp\/v2\/posts\/1213\/revisions"}],"predecessor-version":[{"id":1223,"href":"https:\/\/interfilm-deutschland.de\/index.php?rest_route=\/wp\/v2\/posts\/1213\/revisions\/1223"}],"wp:featuredmedia":[{"embeddable":true,"href":"https:\/\/interfilm-deutschland.de\/index.php?rest_route=\/wp\/v2\/media\/1215"}],"wp:attachment":[{"href":"https:\/\/interfilm-deutschland.de\/index.php?rest_route=%2Fwp%2Fv2%2Fmedia&parent=1213"}],"wp:term":[{"taxonomy":"category","embeddable":true,"href":"https:\/\/interfilm-deutschland.de\/index.php?rest_route=%2Fwp%2Fv2%2Fcategories&post=1213"},{"taxonomy":"post_tag","embeddable":true,"href":"https:\/\/interfilm-deutschland.de\/index.php?rest_route=%2Fwp%2Fv2%2Ftags&post=1213"}],"curies":[{"name":"wp","href":"https:\/\/api.w.org\/{rel}","templated":true}]}}