{"id":1318,"date":"2024-05-28T07:18:18","date_gmt":"2024-05-28T05:18:18","guid":{"rendered":"https:\/\/interfilm-deutschland.de\/?p=1318"},"modified":"2024-05-28T07:38:09","modified_gmt":"2024-05-28T05:38:09","slug":"ich-capitano-io-capitano","status":"publish","type":"post","link":"https:\/\/interfilm-deutschland.de\/?p=1318","title":{"rendered":"Ich Capitano (Io Capitano)"},"content":{"rendered":"\n<figure class=\"wp-block-table\"><table><tbody><tr><td><strong>Preistr\u00e4ger:<\/strong><\/td><td>Venedig 2023 INTERFILM-Preis zur F\u00f6rderung des interreligi\u00f6sen Dialogs<\/td><\/tr><tr><td><strong>Geplanter Filmstart:<\/strong><\/td><td>04.04.2024<\/td><\/tr><tr><td><strong>Regie:<\/strong><\/td><td>Matteo Carrone<\/td><\/tr><tr><td><strong>Verleih:<\/strong><\/td><td>X Verleih<\/td><\/tr><\/tbody><\/table><\/figure>\n\n\n\n<p>Eine Odyssee von zwei Jungen aus dem Senegal, die unterwegs sind, um nach Europa zu gelangen. Sie k\u00e4mpfen f\u00fcr Freiheit, Gleichheit und Gerechtigkeit im Angesicht der Entmenschlichung. Durch ihre reine Naivit\u00e4t entlarven sie das B\u00f6se und \u00fcberwinden es. Seydou \u00fcbernimmt Verantwortung, motiviert die anderen Fl\u00fcchtlinge mit dem Statement, dass \u201eGott mit uns\u201c ist, und w\u00e4chst vom Jungen zum Mann heran. Er wird zum Meister seines eigenen Lebens und zum Kapit\u00e4n seiner Seele. Der INTERFILM-Preis zur F\u00f6rderung des Interreligi\u00f6sen Dialogs geht an Matteo Garrones \u201eIo capitano\u201c.<\/p>\n\n\n\n<p><\/p>\n","protected":false},"excerpt":{"rendered":"<p>Preistr\u00e4ger Venedig 2023 INTERFILM-Preis zur F\u00f6rderung des interreligi\u00f6sen Dialogs<\/p>\n","protected":false},"author":2,"featured_media":0,"comment_status":"closed","ping_status":"closed","sticky":false,"template":"","format":"standard","meta":{"_acf_changed":false,"footnotes":""},"categories":[36],"tags":[],"class_list":["post-1318","post","type-post","status-publish","format-standard","hentry","category-preisgekroente-filme"],"acf":[],"publishpress_future_action":{"enabled":false,"date":"2026-05-05 19:47:05","action":"change-status","newStatus":"draft","terms":[],"taxonomy":"category","extraData":[]},"publishpress_future_workflow_manual_trigger":{"enabledWorkflows":[]},"_links":{"self":[{"href":"https:\/\/interfilm-deutschland.de\/index.php?rest_route=\/wp\/v2\/posts\/1318","targetHints":{"allow":["GET"]}}],"collection":[{"href":"https:\/\/interfilm-deutschland.de\/index.php?rest_route=\/wp\/v2\/posts"}],"about":[{"href":"https:\/\/interfilm-deutschland.de\/index.php?rest_route=\/wp\/v2\/types\/post"}],"author":[{"embeddable":true,"href":"https:\/\/interfilm-deutschland.de\/index.php?rest_route=\/wp\/v2\/users\/2"}],"replies":[{"embeddable":true,"href":"https:\/\/interfilm-deutschland.de\/index.php?rest_route=%2Fwp%2Fv2%2Fcomments&post=1318"}],"version-history":[{"count":3,"href":"https:\/\/interfilm-deutschland.de\/index.php?rest_route=\/wp\/v2\/posts\/1318\/revisions"}],"predecessor-version":[{"id":1327,"href":"https:\/\/interfilm-deutschland.de\/index.php?rest_route=\/wp\/v2\/posts\/1318\/revisions\/1327"}],"wp:attachment":[{"href":"https:\/\/interfilm-deutschland.de\/index.php?rest_route=%2Fwp%2Fv2%2Fmedia&parent=1318"}],"wp:term":[{"taxonomy":"category","embeddable":true,"href":"https:\/\/interfilm-deutschland.de\/index.php?rest_route=%2Fwp%2Fv2%2Fcategories&post=1318"},{"taxonomy":"post_tag","embeddable":true,"href":"https:\/\/interfilm-deutschland.de\/index.php?rest_route=%2Fwp%2Fv2%2Ftags&post=1318"}],"curies":[{"name":"wp","href":"https:\/\/api.w.org\/{rel}","templated":true}]}}