{"id":1346,"date":"2024-05-28T09:17:47","date_gmt":"2024-05-28T07:17:47","guid":{"rendered":"https:\/\/interfilm-deutschland.de\/?p=1346"},"modified":"2024-05-28T09:43:02","modified_gmt":"2024-05-28T07:43:02","slug":"amsel-im-brombeerstrauch","status":"publish","type":"post","link":"https:\/\/interfilm-deutschland.de\/?p=1346","title":{"rendered":"Amsel im Brombeerstrauch"},"content":{"rendered":"\n<figure class=\"wp-block-table\"><table style=\"border-style:none;border-width:0px\"><tbody><tr><td><strong>Preistr\u00e4ger:<\/strong><\/td><td>33. FilmFestival Cottbus \u2013 Festival des osteurop\u00e4ischen Films<\/td><\/tr><tr><td><strong>Geplanter Filmstart:<\/strong><\/td><td>18.04.2024<\/td><\/tr><tr><td><strong>Regie:<\/strong><\/td><td>Elene Naveriani, (Georgien, Schweiz 2023)<\/td><\/tr><tr><td><strong>Verleih:<\/strong><\/td><td>Eksystent Filmverleih<\/td><\/tr><\/tbody><\/table><\/figure>\n\n\n\n<p>In poetischen Sprachbildern und satten Farben erz\u00e4hlt der Film die Geschichte einer starken, unabh\u00e4ngigen Frau in der Mitte ihres\u00a0Lebens. Die Art, wie Ethero unaufgeregt ihr ganz eigenes Gl\u00fcck findet, die K\u00f6rper, welche keinem \u00e4usserlichen Sch\u00f6nheitslideal entsprechen, und die unerwartete Wende der Ereignisse machen Mut, abseits von Konventionen man selbst zu bleiben.<\/p>\n\n\n\n<p><\/p>\n","protected":false},"excerpt":{"rendered":"<p>Preistr\u00e4ger: 33. FilmFestival Cottbus \u2013 Festival des osteurop\u00e4ischen Films<\/p>\n","protected":false},"author":2,"featured_media":0,"comment_status":"closed","ping_status":"closed","sticky":false,"template":"","format":"standard","meta":{"_acf_changed":false,"footnotes":""},"categories":[36],"tags":[],"class_list":["post-1346","post","type-post","status-publish","format-standard","hentry","category-preisgekroente-filme"],"acf":[],"publishpress_future_action":{"enabled":false,"date":"2026-05-05 19:44:21","action":"change-status","newStatus":"draft","terms":[],"taxonomy":"category","extraData":[]},"publishpress_future_workflow_manual_trigger":{"enabledWorkflows":[]},"_links":{"self":[{"href":"https:\/\/interfilm-deutschland.de\/index.php?rest_route=\/wp\/v2\/posts\/1346","targetHints":{"allow":["GET"]}}],"collection":[{"href":"https:\/\/interfilm-deutschland.de\/index.php?rest_route=\/wp\/v2\/posts"}],"about":[{"href":"https:\/\/interfilm-deutschland.de\/index.php?rest_route=\/wp\/v2\/types\/post"}],"author":[{"embeddable":true,"href":"https:\/\/interfilm-deutschland.de\/index.php?rest_route=\/wp\/v2\/users\/2"}],"replies":[{"embeddable":true,"href":"https:\/\/interfilm-deutschland.de\/index.php?rest_route=%2Fwp%2Fv2%2Fcomments&post=1346"}],"version-history":[{"count":5,"href":"https:\/\/interfilm-deutschland.de\/index.php?rest_route=\/wp\/v2\/posts\/1346\/revisions"}],"predecessor-version":[{"id":1369,"href":"https:\/\/interfilm-deutschland.de\/index.php?rest_route=\/wp\/v2\/posts\/1346\/revisions\/1369"}],"wp:attachment":[{"href":"https:\/\/interfilm-deutschland.de\/index.php?rest_route=%2Fwp%2Fv2%2Fmedia&parent=1346"}],"wp:term":[{"taxonomy":"category","embeddable":true,"href":"https:\/\/interfilm-deutschland.de\/index.php?rest_route=%2Fwp%2Fv2%2Fcategories&post=1346"},{"taxonomy":"post_tag","embeddable":true,"href":"https:\/\/interfilm-deutschland.de\/index.php?rest_route=%2Fwp%2Fv2%2Ftags&post=1346"}],"curies":[{"name":"wp","href":"https:\/\/api.w.org\/{rel}","templated":true}]}}