{"id":1350,"date":"2024-05-28T09:20:53","date_gmt":"2024-05-28T07:20:53","guid":{"rendered":"https:\/\/interfilm-deutschland.de\/?p=1350"},"modified":"2024-05-28T09:34:46","modified_gmt":"2024-05-28T07:34:46","slug":"die-odysee","status":"publish","type":"post","link":"https:\/\/interfilm-deutschland.de\/?p=1350","title":{"rendered":"Die Odysee"},"content":{"rendered":"\n<figure class=\"wp-block-table\"><table style=\"border-style:none;border-width:0px\"><tbody><tr><td><strong>Preistr\u00e4ger:<\/strong><\/td><td>Schlingel \u2013 27. Int. Filmfestival f\u00fcr&nbsp;Kinder und junges Publikum 2022, Preis der \u00f6kumenischen Jury<\/td><\/tr><tr><td><strong>Geplanter Filmstart:<\/strong><\/td><td>28.04.2022<\/td><\/tr><tr><td><strong>Regie:<\/strong><\/td><td>Florence Miailhe (Frankreich, Deutschland, Tschechien 2020)<\/td><\/tr><tr><td><strong>Verleih:<\/strong><\/td><td>Grandfilm<\/td><\/tr><\/tbody><\/table><\/figure>\n\n\n\n<p>Kyona, die weibliche Hauptfigur, erz\u00e4hlt von dem \u00dcberfall auf ihr Heimatdorf, der Flucht der Familie, dem Verlust ihrer Eltern und j\u00fcngeren Geschwister.&nbsp;<br>Gemeinsam mit ihrem Bruder Adriel begibt sie sich auf eine Odyssee, um den Kontinent der Freiheit jenseits des Meeres zu erreichen.&nbsp;<br>Als universelle Fluchtgeschichte erz\u00e4hlt der in handgemalten \u00d6l-auf-Glas-Bildern realisierte Animationsfilm mit starken und farbenpr\u00e4chtigen Bildern eine mitreissende und facettenreiche Geschichte von Flucht und Migration, Ausbeutung und Gewalt, Solidarit\u00e4t und Freundschaft \u2013 und&nbsp;vom Erwachsenwerden.<\/p>\n\n\n\n<p><\/p>\n","protected":false},"excerpt":{"rendered":"<p>Schlingel \u2013 27. Int. Filmfestival f\u00fcr\u00a0Kinder und junges Publikum 2022, Preis der \u00f6kumenischen Jury<\/p>\n","protected":false},"author":2,"featured_media":0,"comment_status":"closed","ping_status":"closed","sticky":false,"template":"","format":"standard","meta":{"_acf_changed":false,"footnotes":""},"categories":[36],"tags":[],"class_list":["post-1350","post","type-post","status-publish","format-standard","hentry","category-preisgekroente-filme"],"acf":[],"publishpress_future_action":{"enabled":false,"date":"2026-05-06 01:32:31","action":"change-status","newStatus":"draft","terms":[],"taxonomy":"category","extraData":[]},"publishpress_future_workflow_manual_trigger":{"enabledWorkflows":[]},"_links":{"self":[{"href":"https:\/\/interfilm-deutschland.de\/index.php?rest_route=\/wp\/v2\/posts\/1350","targetHints":{"allow":["GET"]}}],"collection":[{"href":"https:\/\/interfilm-deutschland.de\/index.php?rest_route=\/wp\/v2\/posts"}],"about":[{"href":"https:\/\/interfilm-deutschland.de\/index.php?rest_route=\/wp\/v2\/types\/post"}],"author":[{"embeddable":true,"href":"https:\/\/interfilm-deutschland.de\/index.php?rest_route=\/wp\/v2\/users\/2"}],"replies":[{"embeddable":true,"href":"https:\/\/interfilm-deutschland.de\/index.php?rest_route=%2Fwp%2Fv2%2Fcomments&post=1350"}],"version-history":[{"count":2,"href":"https:\/\/interfilm-deutschland.de\/index.php?rest_route=\/wp\/v2\/posts\/1350\/revisions"}],"predecessor-version":[{"id":1366,"href":"https:\/\/interfilm-deutschland.de\/index.php?rest_route=\/wp\/v2\/posts\/1350\/revisions\/1366"}],"wp:attachment":[{"href":"https:\/\/interfilm-deutschland.de\/index.php?rest_route=%2Fwp%2Fv2%2Fmedia&parent=1350"}],"wp:term":[{"taxonomy":"category","embeddable":true,"href":"https:\/\/interfilm-deutschland.de\/index.php?rest_route=%2Fwp%2Fv2%2Fcategories&post=1350"},{"taxonomy":"post_tag","embeddable":true,"href":"https:\/\/interfilm-deutschland.de\/index.php?rest_route=%2Fwp%2Fv2%2Ftags&post=1350"}],"curies":[{"name":"wp","href":"https:\/\/api.w.org\/{rel}","templated":true}]}}