{"id":1370,"date":"2024-05-31T19:36:57","date_gmt":"2024-05-31T17:36:57","guid":{"rendered":"https:\/\/interfilm-deutschland.de\/?p=1370"},"modified":"2024-05-31T19:37:00","modified_gmt":"2024-05-31T17:37:00","slug":"kein-wort","status":"publish","type":"post","link":"https:\/\/interfilm-deutschland.de\/?p=1370","title":{"rendered":"Kein Wort"},"content":{"rendered":"\n<figure class=\"wp-block-table\"><table style=\"border-style:none;border-width:0px\"><tbody><tr><td><strong>Preistr\u00e4ger:<\/strong><\/td><td>Preis der \u00f6kumenischen Jury 39. Film Festival Warschau 2023<\/td><\/tr><tr><td><strong>Geplanter Filmstart:<\/strong><\/td><td>04.07.2024<\/td><\/tr><tr><td><strong>Regie:<\/strong><\/td><td>Hanna Slak (Deutschland, Frankreich Slowenien 2023)<\/td><\/tr><tr><td><strong>Verleih:<\/strong><\/td><td>Grandfilm\u00a0<br>Webseite:\u00a0<a href=\"https:\/\/grandfilm.de\/kein-wort\/\">https:\/\/grandfilm.de\/kein-wort\/<\/a><\/td><\/tr><\/tbody><\/table><\/figure>\n\n\n\n<p>Die erfolgreiche Dirigentin Nina lebt mit ihrem jugendlichen Sohn in M\u00fcnchen. Lars verschlie\u00dft sich in Trauer, nachdem eine Freundin verbrannte. Nina will nicht glauben, dass ihr Sohn in die Trag\u00f6die verwickelt ist. Beide k\u00f6nnen dar\u00fcber nicht miteinander reden. Sie entschlie\u00dfen sich, einige Tage auf einer Insel zu verbringen. Nach langem Schweigen kommt es zur Ann\u00e4herung.&nbsp;<\/p>\n\n\n\n<p>Der Film handelt von Mutterliebe, den Schwierigkeiten der Generationen, der Kommunikation, von Trauerarbeit und Zusammenfinden in rauer Umgebung.&nbsp;<\/p>\n","protected":false},"excerpt":{"rendered":"<p>Preis der \u00f6kumenischen Jury 39. Film Festival Warschau 2023<\/p>\n","protected":false},"author":2,"featured_media":0,"comment_status":"closed","ping_status":"closed","sticky":false,"template":"","format":"standard","meta":{"_acf_changed":false,"footnotes":""},"categories":[36],"tags":[],"class_list":["post-1370","post","type-post","status-publish","format-standard","hentry","category-preisgekroente-filme"],"acf":[],"publishpress_future_action":{"enabled":false,"date":"2026-05-05 19:45:44","action":"change-status","newStatus":"draft","terms":[],"taxonomy":"category","extraData":[]},"publishpress_future_workflow_manual_trigger":{"enabledWorkflows":[]},"_links":{"self":[{"href":"https:\/\/interfilm-deutschland.de\/index.php?rest_route=\/wp\/v2\/posts\/1370","targetHints":{"allow":["GET"]}}],"collection":[{"href":"https:\/\/interfilm-deutschland.de\/index.php?rest_route=\/wp\/v2\/posts"}],"about":[{"href":"https:\/\/interfilm-deutschland.de\/index.php?rest_route=\/wp\/v2\/types\/post"}],"author":[{"embeddable":true,"href":"https:\/\/interfilm-deutschland.de\/index.php?rest_route=\/wp\/v2\/users\/2"}],"replies":[{"embeddable":true,"href":"https:\/\/interfilm-deutschland.de\/index.php?rest_route=%2Fwp%2Fv2%2Fcomments&post=1370"}],"version-history":[{"count":1,"href":"https:\/\/interfilm-deutschland.de\/index.php?rest_route=\/wp\/v2\/posts\/1370\/revisions"}],"predecessor-version":[{"id":1371,"href":"https:\/\/interfilm-deutschland.de\/index.php?rest_route=\/wp\/v2\/posts\/1370\/revisions\/1371"}],"wp:attachment":[{"href":"https:\/\/interfilm-deutschland.de\/index.php?rest_route=%2Fwp%2Fv2%2Fmedia&parent=1370"}],"wp:term":[{"taxonomy":"category","embeddable":true,"href":"https:\/\/interfilm-deutschland.de\/index.php?rest_route=%2Fwp%2Fv2%2Fcategories&post=1370"},{"taxonomy":"post_tag","embeddable":true,"href":"https:\/\/interfilm-deutschland.de\/index.php?rest_route=%2Fwp%2Fv2%2Ftags&post=1370"}],"curies":[{"name":"wp","href":"https:\/\/api.w.org\/{rel}","templated":true}]}}