{"id":1388,"date":"2024-06-01T10:32:52","date_gmt":"2024-06-01T08:32:52","guid":{"rendered":"https:\/\/interfilm-deutschland.de\/?p=1388"},"modified":"2024-06-01T10:32:55","modified_gmt":"2024-06-01T08:32:55","slug":"die-kairo-verschwoerung","status":"publish","type":"post","link":"https:\/\/interfilm-deutschland.de\/?p=1388","title":{"rendered":"Die Kairo-Verschw\u00f6rung"},"content":{"rendered":"\n<figure class=\"wp-block-table\"><table style=\"border-style:none;border-width:0px\"><tbody><tr><td><strong>Preistr\u00e4ger:<\/strong><\/td><td>64. Nordische Filmtage L\u00fcbeck 2022<br>Kirchlicher Filmpreis INTERFILM<\/td><\/tr><tr><td><strong>Geplanter Filmstart:<\/strong><\/td><td>6.4.2023<\/td><\/tr><tr><td><strong>Regie:<\/strong><\/td><td>Tarik Saleh <br>(Schweden, Frankreich, Finnland, Marokko, D\u00e4nemark, 2022)<\/td><\/tr><tr><td><strong>Verleih:<\/strong><\/td><td>X Verleih\/<br>Warner Bros.<\/td><\/tr><\/tbody><\/table><\/figure>\n\n\n\n<p>In einer Welt, in der die Wahrheit mit F\u00fc\u00dfen getreten wird, versucht ein junger Mann aus dem Glauben heraus f\u00fcr die Wahrheit einzutreten.\u00a0<br>Er besucht die prestigereiche al-Azhar-Universit\u00e4t in Kairo und ger\u00e4t dort in den Machtkampf zwischen der politischen und religi\u00f6sen Elite,\u00a0in dem Religion nur als Maske dient. Der Film zeigt die Quelle der wahren Weisheit und der pers\u00f6nlichen \u00dcberzeugung der Hauptfigur.\u00a0<br>Manche m\u00f6gen ihn Engel nennen oder einfach \u201cboy from heaven\u201d. (Jury-Begr\u00fcndung)<\/p>\n\n\n\n<figure class=\"wp-block-embed is-type-video is-provider-youtube wp-block-embed-youtube wp-embed-aspect-16-9 wp-has-aspect-ratio\"><div class=\"wp-block-embed__wrapper\">\n<iframe loading=\"lazy\" title=\"DIE KAIRO VERSCHW\u00d6RUNG | Trailer deutsch german [HD]\" width=\"900\" height=\"506\" src=\"https:\/\/www.youtube.com\/embed\/U10nkjeoe0k?feature=oembed\" frameborder=\"0\" allow=\"accelerometer; autoplay; clipboard-write; encrypted-media; gyroscope; picture-in-picture; web-share\" referrerpolicy=\"strict-origin-when-cross-origin\" allowfullscreen><\/iframe>\n<\/div><\/figure>\n","protected":false},"excerpt":{"rendered":"<p>64. Nordische Filmtage L\u00fcbeck 2022<br \/>\nKirchlicher Filmpreis INTERFILM<\/p>\n","protected":false},"author":2,"featured_media":0,"comment_status":"closed","ping_status":"closed","sticky":false,"template":"","format":"standard","meta":{"_acf_changed":false,"footnotes":""},"categories":[36],"tags":[],"class_list":["post-1388","post","type-post","status-publish","format-standard","hentry","category-preisgekroente-filme"],"acf":[],"publishpress_future_action":{"enabled":false,"date":"2026-05-05 19:45:49","action":"change-status","newStatus":"draft","terms":[],"taxonomy":"category","extraData":[]},"publishpress_future_workflow_manual_trigger":{"enabledWorkflows":[]},"_links":{"self":[{"href":"https:\/\/interfilm-deutschland.de\/index.php?rest_route=\/wp\/v2\/posts\/1388","targetHints":{"allow":["GET"]}}],"collection":[{"href":"https:\/\/interfilm-deutschland.de\/index.php?rest_route=\/wp\/v2\/posts"}],"about":[{"href":"https:\/\/interfilm-deutschland.de\/index.php?rest_route=\/wp\/v2\/types\/post"}],"author":[{"embeddable":true,"href":"https:\/\/interfilm-deutschland.de\/index.php?rest_route=\/wp\/v2\/users\/2"}],"replies":[{"embeddable":true,"href":"https:\/\/interfilm-deutschland.de\/index.php?rest_route=%2Fwp%2Fv2%2Fcomments&post=1388"}],"version-history":[{"count":1,"href":"https:\/\/interfilm-deutschland.de\/index.php?rest_route=\/wp\/v2\/posts\/1388\/revisions"}],"predecessor-version":[{"id":1389,"href":"https:\/\/interfilm-deutschland.de\/index.php?rest_route=\/wp\/v2\/posts\/1388\/revisions\/1389"}],"wp:attachment":[{"href":"https:\/\/interfilm-deutschland.de\/index.php?rest_route=%2Fwp%2Fv2%2Fmedia&parent=1388"}],"wp:term":[{"taxonomy":"category","embeddable":true,"href":"https:\/\/interfilm-deutschland.de\/index.php?rest_route=%2Fwp%2Fv2%2Fcategories&post=1388"},{"taxonomy":"post_tag","embeddable":true,"href":"https:\/\/interfilm-deutschland.de\/index.php?rest_route=%2Fwp%2Fv2%2Ftags&post=1388"}],"curies":[{"name":"wp","href":"https:\/\/api.w.org\/{rel}","templated":true}]}}