{"id":1390,"date":"2024-06-01T10:35:40","date_gmt":"2024-06-01T08:35:40","guid":{"rendered":"https:\/\/interfilm-deutschland.de\/?p=1390"},"modified":"2024-06-01T10:35:43","modified_gmt":"2024-06-01T08:35:43","slug":"the-whale","status":"publish","type":"post","link":"https:\/\/interfilm-deutschland.de\/?p=1390","title":{"rendered":"The Whale"},"content":{"rendered":"\n<figure class=\"wp-block-table\"><table style=\"border-style:none;border-width:0px\"><tbody><tr><td><strong>Preistr\u00e4ger:<\/strong><\/td><td>79. Mostra Internazionale d&#8217;Arte Cinematografica di Venezia 2022<br>INTERFILM Award for Promoting Interreligious Dialogue<\/td><\/tr><tr><td><strong>Geplanter Filmstart:<\/strong><\/td><td>27.04.2023<\/td><\/tr><tr><td><strong>Regie:<\/strong><\/td><td>Darren Aronofsky<br>USA 2022<\/td><\/tr><tr><td><strong>Verleih:<\/strong><\/td><td>Plaion Pictures\/<br>Studiocanal<\/td><\/tr><\/tbody><\/table><\/figure>\n\n\n\n<p>The Whale von Darren Aronofskys erz\u00e4hlt von einem Vater, der in seinem K\u00f6rper, in seinem Haus und in seinem Leben gefangen ist.\u00a0<br>W\u00e4hrend er nach Freiheit strebt, bekommt er Besuch von Figuren, die von seiner Erscheinung abgesto\u00dfen sind und trotzdem versuchen,\u00a0ihm M\u00f6glichkeiten des \u00dcberlebens zu er\u00f6ffnen. Der Film portr\u00e4tiert kraftvoll die Zerbrechlichkeit menschlicher Beziehungen und die M\u00f6glichkeit<br>von Vergebung und Erl\u00f6sung. (Jury-Begr\u00fcndung)<\/p>\n\n\n\n<figure class=\"wp-block-embed is-type-video is-provider-youtube wp-block-embed-youtube wp-embed-aspect-16-9 wp-has-aspect-ratio\"><div class=\"wp-block-embed__wrapper\">\n<iframe loading=\"lazy\" title=\"THE WHALE Trailer German Deutsch (2023)\" width=\"900\" height=\"506\" src=\"https:\/\/www.youtube.com\/embed\/nu3VjpV6Ws4?feature=oembed\" frameborder=\"0\" allow=\"accelerometer; autoplay; clipboard-write; encrypted-media; gyroscope; picture-in-picture; web-share\" referrerpolicy=\"strict-origin-when-cross-origin\" allowfullscreen><\/iframe>\n<\/div><\/figure>\n","protected":false},"excerpt":{"rendered":"<p>79. Mostra Internazionale d&#8217;Arte Cinematografica di Venezia 2022<br \/>\nINTERFILM Award for Promoting Interreligious Dialogue<\/p>\n","protected":false},"author":2,"featured_media":0,"comment_status":"closed","ping_status":"closed","sticky":false,"template":"","format":"standard","meta":{"_acf_changed":false,"footnotes":""},"categories":[36],"tags":[],"class_list":["post-1390","post","type-post","status-publish","format-standard","hentry","category-preisgekroente-filme"],"acf":[],"publishpress_future_action":{"enabled":false,"date":"2026-05-05 19:44:01","action":"change-status","newStatus":"draft","terms":[],"taxonomy":"category","extraData":[]},"publishpress_future_workflow_manual_trigger":{"enabledWorkflows":[]},"_links":{"self":[{"href":"https:\/\/interfilm-deutschland.de\/index.php?rest_route=\/wp\/v2\/posts\/1390","targetHints":{"allow":["GET"]}}],"collection":[{"href":"https:\/\/interfilm-deutschland.de\/index.php?rest_route=\/wp\/v2\/posts"}],"about":[{"href":"https:\/\/interfilm-deutschland.de\/index.php?rest_route=\/wp\/v2\/types\/post"}],"author":[{"embeddable":true,"href":"https:\/\/interfilm-deutschland.de\/index.php?rest_route=\/wp\/v2\/users\/2"}],"replies":[{"embeddable":true,"href":"https:\/\/interfilm-deutschland.de\/index.php?rest_route=%2Fwp%2Fv2%2Fcomments&post=1390"}],"version-history":[{"count":1,"href":"https:\/\/interfilm-deutschland.de\/index.php?rest_route=\/wp\/v2\/posts\/1390\/revisions"}],"predecessor-version":[{"id":1391,"href":"https:\/\/interfilm-deutschland.de\/index.php?rest_route=\/wp\/v2\/posts\/1390\/revisions\/1391"}],"wp:attachment":[{"href":"https:\/\/interfilm-deutschland.de\/index.php?rest_route=%2Fwp%2Fv2%2Fmedia&parent=1390"}],"wp:term":[{"taxonomy":"category","embeddable":true,"href":"https:\/\/interfilm-deutschland.de\/index.php?rest_route=%2Fwp%2Fv2%2Fcategories&post=1390"},{"taxonomy":"post_tag","embeddable":true,"href":"https:\/\/interfilm-deutschland.de\/index.php?rest_route=%2Fwp%2Fv2%2Ftags&post=1390"}],"curies":[{"name":"wp","href":"https:\/\/api.w.org\/{rel}","templated":true}]}}