{"id":1425,"date":"2024-06-26T11:14:41","date_gmt":"2024-06-26T09:14:41","guid":{"rendered":"https:\/\/interfilm-deutschland.de\/?p=1425"},"modified":"2024-07-03T08:56:02","modified_gmt":"2024-07-03T06:56:02","slug":"kriminologische-filmreihe-im-toten-winkel","status":"publish","type":"post","link":"https:\/\/interfilm-deutschland.de\/?p=1425","title":{"rendered":"Kriminologische Filmreihe: &#8222;Im toten Winkel&#8220;"},"content":{"rendered":"\n<h3 class=\"wp-block-heading\">09.07.2024, 19:00 Uhr, Metropolis-Kino, Hamburg<\/h3>\n\n\n\n<figure class=\"wp-block-image alignleft size-medium\"><img loading=\"lazy\" decoding=\"async\" width=\"300\" height=\"169\" src=\"https:\/\/interfilm-deutschland.de\/wp-content\/uploads\/2024\/06\/Im-toten-Winkel-Still-300x169.jpg\" alt=\"\" class=\"wp-image-1423\" srcset=\"https:\/\/interfilm-deutschland.de\/wp-content\/uploads\/2024\/06\/Im-toten-Winkel-Still-300x169.jpg 300w, https:\/\/interfilm-deutschland.de\/wp-content\/uploads\/2024\/06\/Im-toten-Winkel-Still-1024x576.jpg 1024w, https:\/\/interfilm-deutschland.de\/wp-content\/uploads\/2024\/06\/Im-toten-Winkel-Still-768x432.jpg 768w, https:\/\/interfilm-deutschland.de\/wp-content\/uploads\/2024\/06\/Im-toten-Winkel-Still-1536x864.jpg 1536w, https:\/\/interfilm-deutschland.de\/wp-content\/uploads\/2024\/06\/Im-toten-Winkel-Still-1800x1013.jpg 1800w, https:\/\/interfilm-deutschland.de\/wp-content\/uploads\/2024\/06\/Im-toten-Winkel-Still-1840x1035.jpg 1840w, https:\/\/interfilm-deutschland.de\/wp-content\/uploads\/2024\/06\/Im-toten-Winkel-Still.jpg 1920w\" sizes=\"auto, (max-width: 300px) 100vw, 300px\" \/><\/figure>\n\n\n\n<p>Ein deutsches Filmteam dreht eine Dokumentation in einem abgelegenen kurdischen Dorf in der T\u00fcrkei, wo die &#8222;Samstagsm\u00fctter&#8220; in Erinnerung an ihre verschleppten S\u00f6hne jede Woche eine Suppe kochen. Unheil k\u00fcndigt sich an: Ein Kind sagt Dinge, die es nicht wissen kann. Ein Geheimdienstmitarbeiter wird paranoid. Dann sehen wir die Geschichte noch zweimal, aus anderen Blickwinkeln und mit anderer Bildsprache.<\/p>\n\n\n\n<p>Ay\u015fe Polats Polit-Mysterythriller erhielt dieses Jahr den Deutschen Filmpreis in Bronze und wurde f\u00fcr das Beste Drehbuch und die Beste Regie ausgezeichnet.<\/p>\n\n\n\n<div class=\"wp-block-buttons is-layout-flex wp-block-buttons-is-layout-flex\">\n<div class=\"wp-block-button\"><a class=\"wp-block-button__link wp-element-button\" href=\"https:\/\/kinoheld.de\/kino\/hamburg\/metropolis-kino\/vorstellung\/3030306073\">Tickets<\/a><\/div>\n<\/div>\n","protected":false},"excerpt":{"rendered":"<p>09.07.2024,<br \/>\n19:00 Uhr,<br \/>\nMetropolis-Kino, Hamburg<\/p>\n","protected":false},"author":2,"featured_media":0,"comment_status":"closed","ping_status":"closed","sticky":false,"template":"","format":"standard","meta":{"_acf_changed":false,"footnotes":""},"categories":[59],"tags":[],"class_list":["post-1425","post","type-post","status-publish","format-standard","hentry","category-veranstaltung"],"acf":[],"publishpress_future_action":{"enabled":false,"date":"2026-05-08 09:27:39","action":"change-status","newStatus":"draft","terms":[],"taxonomy":"category","extraData":[]},"publishpress_future_workflow_manual_trigger":{"enabledWorkflows":[]},"_links":{"self":[{"href":"https:\/\/interfilm-deutschland.de\/index.php?rest_route=\/wp\/v2\/posts\/1425","targetHints":{"allow":["GET"]}}],"collection":[{"href":"https:\/\/interfilm-deutschland.de\/index.php?rest_route=\/wp\/v2\/posts"}],"about":[{"href":"https:\/\/interfilm-deutschland.de\/index.php?rest_route=\/wp\/v2\/types\/post"}],"author":[{"embeddable":true,"href":"https:\/\/interfilm-deutschland.de\/index.php?rest_route=\/wp\/v2\/users\/2"}],"replies":[{"embeddable":true,"href":"https:\/\/interfilm-deutschland.de\/index.php?rest_route=%2Fwp%2Fv2%2Fcomments&post=1425"}],"version-history":[{"count":5,"href":"https:\/\/interfilm-deutschland.de\/index.php?rest_route=\/wp\/v2\/posts\/1425\/revisions"}],"predecessor-version":[{"id":1454,"href":"https:\/\/interfilm-deutschland.de\/index.php?rest_route=\/wp\/v2\/posts\/1425\/revisions\/1454"}],"wp:attachment":[{"href":"https:\/\/interfilm-deutschland.de\/index.php?rest_route=%2Fwp%2Fv2%2Fmedia&parent=1425"}],"wp:term":[{"taxonomy":"category","embeddable":true,"href":"https:\/\/interfilm-deutschland.de\/index.php?rest_route=%2Fwp%2Fv2%2Fcategories&post=1425"},{"taxonomy":"post_tag","embeddable":true,"href":"https:\/\/interfilm-deutschland.de\/index.php?rest_route=%2Fwp%2Fv2%2Ftags&post=1425"}],"curies":[{"name":"wp","href":"https:\/\/api.w.org\/{rel}","templated":true}]}}