{"id":1438,"date":"2024-06-28T16:08:08","date_gmt":"2024-06-28T14:08:08","guid":{"rendered":"https:\/\/interfilm-deutschland.de\/?p=1438"},"modified":"2024-06-28T16:40:54","modified_gmt":"2024-06-28T14:40:54","slug":"70-internationale-kurzfilmtage-oberhausen","status":"publish","type":"post","link":"https:\/\/interfilm-deutschland.de\/?p=1438","title":{"rendered":"70. Internationale Kurzfilmtage Oberhausen"},"content":{"rendered":"\n<p>01.05.2024&nbsp;bis&nbsp;06.05.2024<\/p>\n\n\n\n<p>Am 5. Mai 2024 wurden die Preise der 70. Internationalen Kurzfilmtage Oberhausen im Festivalkino Lichtburg vergeben. Die \u00d6kumenische Jury im Internationalen Wettbewerb verlieh ihren Preis an den deutsch-chinesischen Film &#8222;O ma&#8220; (Before Then) von Xie Mengzhu und eine Lobende Erw\u00e4hnung an&#8220;Hitbasrut&#8220; (Decryption) von Maya Zack aus Israel, die \u00d6kumenische Jury im Kinder- und Jugendfilmwettbewerb zeichnete die japanisch-amerikanische Produktion &#8222;The Old Young Crow&#8220; von Liam LoPinto aus und vergab eine Lobende Erw\u00e4hnung an &#8222;Lulina e la lua&#8220; (Lulina and the Moon) von Marcus Vinicios Vasconcelos und Alois Di Leo aus Brasilien. Der Gro\u00dfe Preis der Stadt Oberhausen ebenso wie der Preis der Jury der Internationalen Filmkritik (Fipresci) ging an den chinesischen Regisseur Wang Zhiyi f\u00fcr seinen Film &#8222;Ch\u016bn \u00c8r sh\u00ed s\u0101n&#8220; (Spring 23), der Hauptpreis der Internationalen Jury an &#8222;The Many Interrupted Dreams of Mr. Hemmady&#8220; von Amit Dutta aus Indien.<\/p>\n\n\n\n<p>Die Jubil\u00e4umsausgabe des Festivals wurde \u00fcberschattet von den Kontroversen um den Krieg in Gaza. Kurz nach den Greueln der Hamas am 7. Oktober hatte Festivalleiter Lars Henrik Gass eine Aufforderung zur Unterst\u00fctzung einer Solidarit\u00e4tsdemonstration in Berlin f\u00fcr Israel und gegen Antisemitismus gepostet. Propal\u00e4stinensische Gruppen versuchten daraufhin, einen Boykott des Festivals zu organisieren, mit dem Effekt, dass etliche Filmemacher und Verleihfirmen ihre zum Teil bereits festgebuchten Filme aus dem Programm zur\u00fcckzogen. N\u00fcchterne und differenzierte Erkl\u00e4rungen des Festivalleiters hatten wenig oder gar keinen Erfolg. Kurzfristig mussten Teile des Festivals neu gestaltet werden. Auch in der \u00d6ffentlichkeit jenseits der sozialen Medien wurde der Konflikt verfolgt.<\/p>\n\n\n\n<p>Als weitere Reaktion auf die Polarisierung der Auseinandersetzung wurde zum Auftakt des Festivals eine Diskussionsveranstaltung unter dem Titel &#8222;Sehnsucht nach Widerspruchsfreiheit&#8220; angesetzt, die Differenzierungen jenseits der verh\u00e4rteten Fronten anmahnte und im Rahmen der offiziellen Er\u00f6ffnungsfeier am Abend des 1. Mai durch eine Diskussion mit Lars Henrik Gass, der Soziologin Alexandra Schauer und dem Filmkritiker und Filmemacher R\u00fcdiger Suchsland abgeschlossen wurde. Auch ein w\u00e4hrend des Festivals stattfindendes Seminar zur Frage &#8222;Sind Festivals noch ein universalistisches Projekt?&#8220; setzte sich unter anderem mit dem Festivalboykott auseinander. Eine politisch-symbolische Ermutigung erhielt Gass kurz vor Beginn des Festivals durch die Ank\u00fcndigung, ihm zur W\u00fcrdigung seines Engagements f\u00fcr die deutsch-israelischen Beziehungen die Ernst-Cramer-Medaille 2024 der Deutsch-Israelischen Gesellschaft zu verleihen. Die Verleihung wird am 8. Juni in Bremen stattfinden.<\/p>\n\n\n\n<figure class=\"wp-block-image size-large\"><img loading=\"lazy\" decoding=\"async\" width=\"1024\" height=\"543\" src=\"https:\/\/interfilm-deutschland.de\/wp-content\/uploads\/2024\/06\/i-120-1-1024x543.jpeg\" alt=\"\" class=\"wp-image-1450\" srcset=\"https:\/\/interfilm-deutschland.de\/wp-content\/uploads\/2024\/06\/i-120-1-1024x543.jpeg 1024w, https:\/\/interfilm-deutschland.de\/wp-content\/uploads\/2024\/06\/i-120-1-300x159.jpeg 300w, https:\/\/interfilm-deutschland.de\/wp-content\/uploads\/2024\/06\/i-120-1-768x407.jpeg 768w, https:\/\/interfilm-deutschland.de\/wp-content\/uploads\/2024\/06\/i-120-1-1536x814.jpeg 1536w, https:\/\/interfilm-deutschland.de\/wp-content\/uploads\/2024\/06\/i-120-1-2048x1086.jpeg 2048w, https:\/\/interfilm-deutschland.de\/wp-content\/uploads\/2024\/06\/i-120-1-1800x954.jpeg 1800w\" sizes=\"auto, (max-width: 1024px) 100vw, 1024px\" \/><\/figure>\n\n\n\n<p>Die Mitglieder der \u00d6kumenischen Jurys in Oberhausen 2024, von links: Phil Rieger, Kriszti\u00e1n Tajti, Alexandra Palkowitsch, Theresia Merz, Johan H. Roeland und Franciska Hortov\u00e1nyi (\u00a9 INTERFILM)<\/p>\n","protected":false},"excerpt":{"rendered":"<p>01.05.2024&nbsp;bis&nbsp;06.05.2024 Am 5. Mai 2024 wurden die Preise der 70. Internationalen Kurzfilmtage Oberhausen im Festivalkino Lichtburg vergeben. Die \u00d6kumenische Jury im Internationalen Wettbewerb verlieh ihren Preis an den deutsch-chinesischen Film &#8222;O ma&#8220; (Before Then) von Xie Mengzhu und eine Lobende Erw\u00e4hnung an&#8220;Hitbasrut&#8220; (Decryption) von Maya Zack aus Israel, die \u00d6kumenische Jury im Kinder- und Jugendfilmwettbewerb zeichnete die japanisch-amerikanische Produktion &#8222;The Old Young Crow&#8220; von Liam LoPinto aus und vergab eine Lobende Erw\u00e4hnung an &#8222;Lulina e [&#8230;]<\/p>\n","protected":false},"author":3,"featured_media":1449,"comment_status":"closed","ping_status":"closed","sticky":false,"template":"","format":"standard","meta":{"_acf_changed":false,"footnotes":""},"categories":[25],"tags":[],"class_list":["post-1438","post","type-post","status-publish","format-standard","has-post-thumbnail","hentry","category-news"],"acf":[],"publishpress_future_action":{"enabled":false,"date":"2026-05-07 10:28:14","action":"change-status","newStatus":"draft","terms":[],"taxonomy":"category","extraData":[]},"publishpress_future_workflow_manual_trigger":{"enabledWorkflows":[]},"_links":{"self":[{"href":"https:\/\/interfilm-deutschland.de\/index.php?rest_route=\/wp\/v2\/posts\/1438","targetHints":{"allow":["GET"]}}],"collection":[{"href":"https:\/\/interfilm-deutschland.de\/index.php?rest_route=\/wp\/v2\/posts"}],"about":[{"href":"https:\/\/interfilm-deutschland.de\/index.php?rest_route=\/wp\/v2\/types\/post"}],"author":[{"embeddable":true,"href":"https:\/\/interfilm-deutschland.de\/index.php?rest_route=\/wp\/v2\/users\/3"}],"replies":[{"embeddable":true,"href":"https:\/\/interfilm-deutschland.de\/index.php?rest_route=%2Fwp%2Fv2%2Fcomments&post=1438"}],"version-history":[{"count":8,"href":"https:\/\/interfilm-deutschland.de\/index.php?rest_route=\/wp\/v2\/posts\/1438\/revisions"}],"predecessor-version":[{"id":1453,"href":"https:\/\/interfilm-deutschland.de\/index.php?rest_route=\/wp\/v2\/posts\/1438\/revisions\/1453"}],"wp:featuredmedia":[{"embeddable":true,"href":"https:\/\/interfilm-deutschland.de\/index.php?rest_route=\/wp\/v2\/media\/1449"}],"wp:attachment":[{"href":"https:\/\/interfilm-deutschland.de\/index.php?rest_route=%2Fwp%2Fv2%2Fmedia&parent=1438"}],"wp:term":[{"taxonomy":"category","embeddable":true,"href":"https:\/\/interfilm-deutschland.de\/index.php?rest_route=%2Fwp%2Fv2%2Fcategories&post=1438"},{"taxonomy":"post_tag","embeddable":true,"href":"https:\/\/interfilm-deutschland.de\/index.php?rest_route=%2Fwp%2Fv2%2Ftags&post=1438"}],"curies":[{"name":"wp","href":"https:\/\/api.w.org\/{rel}","templated":true}]}}