{"id":1508,"date":"2024-10-23T12:08:40","date_gmt":"2024-10-23T10:08:40","guid":{"rendered":"https:\/\/interfilm-deutschland.de\/?p=1508"},"modified":"2024-10-23T12:11:10","modified_gmt":"2024-10-23T10:11:10","slug":"filmnachtandacht-the-quiet-migration","status":"publish","type":"post","link":"https:\/\/interfilm-deutschland.de\/?p=1508","title":{"rendered":"FilmNachtAndacht: The Quiet Migration"},"content":{"rendered":"\n<p>THE QUIET MIGRATION<br>(D\u00e4nemark 2023), Regie: Malene Choi, 102 min. d\u00e4n. OF, engl. UT\u00a0<\/p>\n\n\n\n<p>Die Kamera gleitet \u00fcber Felder und Kuhweiden, im Stall warten die Tiere auf ihr Futter. Bei der Arbeit auf dem Hof in der d\u00e4nischen Provinz sind Carl und sein Vater Hans ein eingespieltes Team. Sp\u00e4ter sitzen sie mit gro\u00dfem Appetit gemeinsam am K\u00fcchentisch. F\u00fcr die Eltern Hans und Karen steht fest, dass ihr Adoptivsohn, der s\u00fcdkoreanische Wurzeln hat, den Hof einmal \u00fcbernehmen wird. W\u00e4hrend die Beobachtungen des b\u00e4uerlichen Alltags fast einen dokumentarischen Eindruck machen, wirken andere Szenen irritierend. Sie scheinen aus einer anderen Zeit zu stammen. Oder sind es bebilderte Fantasien? Ist das Carl, der da als kleiner Junge nachts mit einem brennenden Heuballen Fu\u00dfball spielt? Bei einer Familienfeier f\u00fchlt sich der junge Mann seltsam ausgeschlossen. Pl\u00f6tzlich imaginiert er ein M\u00e4dchen, das wie er anderer Herkunft ist. Sie legt ihren Kopf an seine Schulter. In ihrem autobiografisch gepr\u00e4gten Spielfilm erkundet Malene Choi das Gef\u00fchl des Fremdseins in einer vertrauten Umgebung, die jedoch nie zur Heimat wurde.<\/p>\n\n\n\n<p>Die FilmNachtAndacht ist ein St. Petri-Format in Kooperation mit den Nordischen Filmtagen L\u00fcbeck. Der Film aus dem Vorjahres-Wettbewerb ist eine Einstimmung auf das kommende Filmfestival, das in diesem Jahr vom 6. bis 10. November stattfindet. Die Filmvorf\u00fchrung wird mit Live-Musik, Texten und einer kommentierenden Auslegung von Pastor Dr. Bernd Schwarze umrahmt, wodurch aus einer Filmnacht zugleich eine Filmandacht wird.<\/p>\n\n\n\n<p>Lennart Pries von der Musikhochschule L\u00fcbeck gestaltet den musikalischen Rahmen mit Improvisationen \u00fcber Motive aus dem Film.&nbsp;<\/p>\n\n\n\n<p>Beginn 20.00 Uhr<\/p>\n\n\n\n<p>Einlass 19.00 Uhr<\/p>\n\n\n\n<p>Das Caf\u00e9 ist ge\u00f6ffnet<\/p>\n\n\n\n<p>Eintritt \u20ac 12 \/ erm. \u20ac 8 Tickets am St. Petri Turmshop, \u00fcber&nbsp;<a href=\"https:\/\/shop.luebeck-ticket.de\/luet\/tickets\/23333\/%7B542672F8-BD4C-47D7-BC36-892BB60D7748%7D\/?affiliate=master&amp;backlink=\">www.luebeck-ticket.de<\/a>&nbsp;und an der Abendkasse.<\/p>\n","protected":false},"excerpt":{"rendered":"<p>THE QUIET MIGRATION(D\u00e4nemark 2023), Regie: Malene Choi, 102 min. d\u00e4n. OF, engl. UT\u00a0 Die Kamera gleitet \u00fcber Felder und Kuhweiden, im Stall warten die Tiere auf ihr Futter. Bei der Arbeit auf dem Hof in der d\u00e4nischen Provinz sind Carl und sein Vater Hans ein eingespieltes Team. Sp\u00e4ter sitzen sie mit gro\u00dfem Appetit gemeinsam am K\u00fcchentisch. F\u00fcr die Eltern Hans und Karen steht fest, dass ihr Adoptivsohn, der s\u00fcdkoreanische Wurzeln hat, den Hof einmal \u00fcbernehmen [&#8230;]<\/p>\n","protected":false},"author":2,"featured_media":0,"comment_status":"closed","ping_status":"closed","sticky":false,"template":"","format":"standard","meta":{"_acf_changed":false,"footnotes":""},"categories":[59],"tags":[],"class_list":["post-1508","post","type-post","status-publish","format-standard","hentry","category-veranstaltung"],"acf":[],"publishpress_future_action":{"enabled":false,"date":"2026-05-06 22:20:22","action":"change-status","newStatus":"draft","terms":[],"taxonomy":"category","extraData":[]},"publishpress_future_workflow_manual_trigger":{"enabledWorkflows":[]},"_links":{"self":[{"href":"https:\/\/interfilm-deutschland.de\/index.php?rest_route=\/wp\/v2\/posts\/1508","targetHints":{"allow":["GET"]}}],"collection":[{"href":"https:\/\/interfilm-deutschland.de\/index.php?rest_route=\/wp\/v2\/posts"}],"about":[{"href":"https:\/\/interfilm-deutschland.de\/index.php?rest_route=\/wp\/v2\/types\/post"}],"author":[{"embeddable":true,"href":"https:\/\/interfilm-deutschland.de\/index.php?rest_route=\/wp\/v2\/users\/2"}],"replies":[{"embeddable":true,"href":"https:\/\/interfilm-deutschland.de\/index.php?rest_route=%2Fwp%2Fv2%2Fcomments&post=1508"}],"version-history":[{"count":2,"href":"https:\/\/interfilm-deutschland.de\/index.php?rest_route=\/wp\/v2\/posts\/1508\/revisions"}],"predecessor-version":[{"id":1510,"href":"https:\/\/interfilm-deutschland.de\/index.php?rest_route=\/wp\/v2\/posts\/1508\/revisions\/1510"}],"wp:attachment":[{"href":"https:\/\/interfilm-deutschland.de\/index.php?rest_route=%2Fwp%2Fv2%2Fmedia&parent=1508"}],"wp:term":[{"taxonomy":"category","embeddable":true,"href":"https:\/\/interfilm-deutschland.de\/index.php?rest_route=%2Fwp%2Fv2%2Fcategories&post=1508"},{"taxonomy":"post_tag","embeddable":true,"href":"https:\/\/interfilm-deutschland.de\/index.php?rest_route=%2Fwp%2Fv2%2Ftags&post=1508"}],"curies":[{"name":"wp","href":"https:\/\/api.w.org\/{rel}","templated":true}]}}