{"id":1526,"date":"2025-01-09T16:58:16","date_gmt":"2025-01-09T15:58:16","guid":{"rendered":"https:\/\/interfilm-deutschland.de\/?p=1526"},"modified":"2025-01-09T16:58:18","modified_gmt":"2025-01-09T15:58:18","slug":"kriminologische-filmreihe-der-goldene-handschuh","status":"publish","type":"post","link":"https:\/\/interfilm-deutschland.de\/?p=1526","title":{"rendered":"Kriminologische Filmreihe: DER GOLDENE HANDSCHUH"},"content":{"rendered":"\n<figure class=\"wp-block-image alignright size-large is-resized\"><img loading=\"lazy\" decoding=\"async\" width=\"1024\" height=\"576\" src=\"https:\/\/interfilm-deutschland.de\/wp-content\/uploads\/2025\/01\/Der-Goldene-Handschuh-Still-1024x576.jpg\" alt=\"\" class=\"wp-image-1527\" style=\"width:669px;height:auto\" srcset=\"https:\/\/interfilm-deutschland.de\/wp-content\/uploads\/2025\/01\/Der-Goldene-Handschuh-Still-1024x576.jpg 1024w, https:\/\/interfilm-deutschland.de\/wp-content\/uploads\/2025\/01\/Der-Goldene-Handschuh-Still-300x169.jpg 300w, https:\/\/interfilm-deutschland.de\/wp-content\/uploads\/2025\/01\/Der-Goldene-Handschuh-Still-768x432.jpg 768w, https:\/\/interfilm-deutschland.de\/wp-content\/uploads\/2025\/01\/Der-Goldene-Handschuh-Still-1536x864.jpg 1536w, https:\/\/interfilm-deutschland.de\/wp-content\/uploads\/2025\/01\/Der-Goldene-Handschuh-Still-2048x1153.jpg 2048w, https:\/\/interfilm-deutschland.de\/wp-content\/uploads\/2025\/01\/Der-Goldene-Handschuh-Still-1800x1013.jpg 1800w, https:\/\/interfilm-deutschland.de\/wp-content\/uploads\/2025\/01\/Der-Goldene-Handschuh-Still-1840x1035.jpg 1840w\" sizes=\"auto, (max-width: 1024px) 100vw, 1024px\" \/><\/figure>\n\n\n\n<p>Der schwer alkoholkranke und verwahrloste Hilfsarbeiter Fritz Honka gabelt im Sankt Pauli der 70er-Jahre \u00e4ltere Prostituierte und Wohnungslose auf, auf die er herabsehen kann. Voller Selbsthass begeht er in seiner st\u00e4ndig kleiner wirkenden Mansardenwohnung immer schlimmere Misshandlungen bis zum Mord. Als alles zu sp\u00e4t ist, versucht er einen Neuanfang.<\/p>\n\n\n\n<p>Fatih Akins Verfilmung von Heinz Strunks preisgekr\u00f6ntem Tatsachenroman lief 2019 im Wettbewerb der Berlinale.<\/p>\n\n\n\n<p>Die Kriminologische Filmreihe wird 50, und wir freuen uns, Art Director Seth Turner als Gast zu begr\u00fc\u00dfen!<\/p>\n\n\n\n<div class=\"wp-block-buttons is-layout-flex wp-block-buttons-is-layout-flex\">\n<div class=\"wp-block-button\"><a class=\"wp-block-button__link wp-element-button\" href=\"https:\/\/kinoheld.de\/kino-hamburg\/metropolis-kino\/vorstellung\/3138397987\">Tickets<\/a><\/div>\n<\/div>\n\n\n\n<p><\/p>\n","protected":false},"excerpt":{"rendered":"<p>Der schwer alkoholkranke und verwahrloste Hilfsarbeiter Fritz Honka gabelt im Sankt Pauli der 70er-Jahre \u00e4ltere Prostituierte und Wohnungslose auf, auf die er herabsehen kann. Voller Selbsthass begeht er in seiner st\u00e4ndig kleiner wirkenden Mansardenwohnung immer schlimmere Misshandlungen bis zum Mord. Als alles zu sp\u00e4t ist, versucht er einen Neuanfang. Fatih Akins Verfilmung von Heinz Strunks preisgekr\u00f6ntem Tatsachenroman lief 2019 im Wettbewerb der Berlinale. Die Kriminologische Filmreihe wird 50, und wir freuen uns, Art Director Seth [&#8230;]<\/p>\n","protected":false},"author":2,"featured_media":0,"comment_status":"closed","ping_status":"closed","sticky":false,"template":"","format":"standard","meta":{"_acf_changed":false,"footnotes":""},"categories":[59],"tags":[],"class_list":["post-1526","post","type-post","status-publish","format-standard","hentry","category-veranstaltung"],"acf":[],"publishpress_future_action":{"enabled":false,"date":"2026-05-08 09:38:38","action":"change-status","newStatus":"draft","terms":[],"taxonomy":"category","extraData":[]},"publishpress_future_workflow_manual_trigger":{"enabledWorkflows":[]},"_links":{"self":[{"href":"https:\/\/interfilm-deutschland.de\/index.php?rest_route=\/wp\/v2\/posts\/1526","targetHints":{"allow":["GET"]}}],"collection":[{"href":"https:\/\/interfilm-deutschland.de\/index.php?rest_route=\/wp\/v2\/posts"}],"about":[{"href":"https:\/\/interfilm-deutschland.de\/index.php?rest_route=\/wp\/v2\/types\/post"}],"author":[{"embeddable":true,"href":"https:\/\/interfilm-deutschland.de\/index.php?rest_route=\/wp\/v2\/users\/2"}],"replies":[{"embeddable":true,"href":"https:\/\/interfilm-deutschland.de\/index.php?rest_route=%2Fwp%2Fv2%2Fcomments&post=1526"}],"version-history":[{"count":1,"href":"https:\/\/interfilm-deutschland.de\/index.php?rest_route=\/wp\/v2\/posts\/1526\/revisions"}],"predecessor-version":[{"id":1528,"href":"https:\/\/interfilm-deutschland.de\/index.php?rest_route=\/wp\/v2\/posts\/1526\/revisions\/1528"}],"wp:attachment":[{"href":"https:\/\/interfilm-deutschland.de\/index.php?rest_route=%2Fwp%2Fv2%2Fmedia&parent=1526"}],"wp:term":[{"taxonomy":"category","embeddable":true,"href":"https:\/\/interfilm-deutschland.de\/index.php?rest_route=%2Fwp%2Fv2%2Fcategories&post=1526"},{"taxonomy":"post_tag","embeddable":true,"href":"https:\/\/interfilm-deutschland.de\/index.php?rest_route=%2Fwp%2Fv2%2Ftags&post=1526"}],"curies":[{"name":"wp","href":"https:\/\/api.w.org\/{rel}","templated":true}]}}