{"id":1541,"date":"2025-03-27T15:47:14","date_gmt":"2025-03-27T14:47:14","guid":{"rendered":"https:\/\/interfilm-deutschland.de\/?p=1541"},"modified":"2025-03-27T15:47:15","modified_gmt":"2025-03-27T14:47:15","slug":"jenseits-der-blauen-grenze","status":"publish","type":"post","link":"https:\/\/interfilm-deutschland.de\/?p=1541","title":{"rendered":"Jenseits der blauen Grenze"},"content":{"rendered":"\n<figure class=\"wp-block-table\"><table class=\"has-fixed-layout\"><tbody><tr><td><strong>Preistr\u00e4ger:<\/strong><\/td><td>45. Filmfestival Max Oph\u00fcls Preis, Saarbr\u00fccken 2024, Preis der \u00d6kumenischen Jury<\/td><\/tr><tr><td><strong>Geplanter Filmstart:<\/strong><\/td><td>03.10.2024<\/td><\/tr><tr><td><strong>Regie:<\/strong><\/td><td>Sarah Neumann (Deutschland 2024)<\/td><\/tr><tr><td><strong>Verleih:<\/strong><\/td><td>Across Nations Filmverleih UG&nbsp;<\/td><\/tr><\/tbody><\/table><\/figure>\n\n\n\n<p>Sommer 1989, an der Ostsee. Die ehrgeizige Hanna (Lena Urzendowsky) ist eine talentierte Schwimmerin und trainiert regelm\u00e4\u00dfig und diszipliniert, um einmal ihren gro\u00dfen Traum zu erreichen: sie will Olympiasiegerin werden. Und wenn sie nicht schwimmt, verbringt sie ihre Freizeit am liebsten mit ihrem besten Freund Andreas (Willi Geitmann) und Jens (Jannis Veihelmann), dem Neuzugang der Klasse. Doch ihr Alltag ver\u00e4ndert sich drastisch, als Andreas, der schon immer Probleme damit hatte, sich in das starre DDR-System einzugliedern, in einem Jugendwerkhof \u201esozialistisch umerzogen\u201c werden soll. Zu Hannas Besorgnis findet er keinen Halt und st\u00fcrzt immer weiter ab. Irgendwann sieht Andreas nur noch einen Ausweg: die Flucht \u00fcber die Ostsee. F\u00fcnfzig Kilometer Wasser trennen ihn von der Freiheit. Und so steht auch Hanna pl\u00f6tzlich vor der Entscheidung ihres Lebens: Verl\u00e4sst sie ihren festen Platz in der sozialistischen Gesellschaft, wo sie anerkannt und gef\u00f6rdert wird? Oder l\u00e4sst sie Andreas allein \u00fcber die Ostsee schwimmen, mit dem Wissen, dass er es ohne ihre Hilfe und Erfahrung niemals schaffen wird?<\/p>\n\n\n\n<p><\/p>\n","protected":false},"excerpt":{"rendered":"<p>Preistr\u00e4ger: 45. Filmfestival Max Oph\u00fcls Preis, Saarbr\u00fccken 2024, Preis der \u00d6kumenischen Jury Geplanter Filmstart: 03.10.2024 Regie: Sarah Neumann (Deutschland 2024) Verleih: Across Nations Filmverleih UG&nbsp; Sommer 1989, an der Ostsee. Die ehrgeizige Hanna (Lena Urzendowsky) ist eine talentierte Schwimmerin und trainiert regelm\u00e4\u00dfig und diszipliniert, um einmal ihren gro\u00dfen Traum zu erreichen: sie will Olympiasiegerin werden. Und wenn sie nicht schwimmt, verbringt sie ihre Freizeit am liebsten mit ihrem besten Freund Andreas (Willi Geitmann) und Jens [&#8230;]<\/p>\n","protected":false},"author":2,"featured_media":0,"comment_status":"closed","ping_status":"closed","sticky":false,"template":"","format":"standard","meta":{"_acf_changed":false,"footnotes":""},"categories":[36],"tags":[],"class_list":["post-1541","post","type-post","status-publish","format-standard","hentry","category-preisgekroente-filme"],"acf":[],"publishpress_future_action":{"enabled":false,"date":"2026-05-05 19:44:52","action":"change-status","newStatus":"draft","terms":[],"taxonomy":"category","extraData":[]},"publishpress_future_workflow_manual_trigger":{"enabledWorkflows":[]},"_links":{"self":[{"href":"https:\/\/interfilm-deutschland.de\/index.php?rest_route=\/wp\/v2\/posts\/1541","targetHints":{"allow":["GET"]}}],"collection":[{"href":"https:\/\/interfilm-deutschland.de\/index.php?rest_route=\/wp\/v2\/posts"}],"about":[{"href":"https:\/\/interfilm-deutschland.de\/index.php?rest_route=\/wp\/v2\/types\/post"}],"author":[{"embeddable":true,"href":"https:\/\/interfilm-deutschland.de\/index.php?rest_route=\/wp\/v2\/users\/2"}],"replies":[{"embeddable":true,"href":"https:\/\/interfilm-deutschland.de\/index.php?rest_route=%2Fwp%2Fv2%2Fcomments&post=1541"}],"version-history":[{"count":1,"href":"https:\/\/interfilm-deutschland.de\/index.php?rest_route=\/wp\/v2\/posts\/1541\/revisions"}],"predecessor-version":[{"id":1542,"href":"https:\/\/interfilm-deutschland.de\/index.php?rest_route=\/wp\/v2\/posts\/1541\/revisions\/1542"}],"wp:attachment":[{"href":"https:\/\/interfilm-deutschland.de\/index.php?rest_route=%2Fwp%2Fv2%2Fmedia&parent=1541"}],"wp:term":[{"taxonomy":"category","embeddable":true,"href":"https:\/\/interfilm-deutschland.de\/index.php?rest_route=%2Fwp%2Fv2%2Fcategories&post=1541"},{"taxonomy":"post_tag","embeddable":true,"href":"https:\/\/interfilm-deutschland.de\/index.php?rest_route=%2Fwp%2Fv2%2Ftags&post=1541"}],"curies":[{"name":"wp","href":"https:\/\/api.w.org\/{rel}","templated":true}]}}