{"id":1545,"date":"2025-03-27T15:50:29","date_gmt":"2025-03-27T14:50:29","guid":{"rendered":"https:\/\/interfilm-deutschland.de\/?p=1545"},"modified":"2025-03-27T15:50:30","modified_gmt":"2025-03-27T14:50:30","slug":"quiet-life","status":"publish","type":"post","link":"https:\/\/interfilm-deutschland.de\/?p=1545","title":{"rendered":"Quiet Life"},"content":{"rendered":"\n<figure class=\"wp-block-table\"><table class=\"has-fixed-layout\"><tbody><tr><td><strong>Preistr\u00e4ger:<\/strong><\/td><td>81. Internationale Filmfestspiele Venedig 2024, Interfilm-Preis zur F\u00f6rderung des interreligi\u00f6sen Dialogs<\/td><\/tr><tr><td><strong>Geplanter Filmstart:<\/strong><\/td><td>24.04.2025<\/td><\/tr><tr><td><strong>Regie:<\/strong><\/td><td>Alexandros Avranas (Schweden, FR, DE, GR, EE, FI 2024)<\/td><\/tr><tr><td><strong>Verleih:<\/strong><\/td><td>Wild Bunch Germany<\/td><\/tr><\/tbody><\/table><\/figure>\n\n\n\n<p>Schweden, 2018. Ein mysteri\u00f6ses Syndrom, von dem Fl\u00fcchtlingskinder betroffen sind, l\u00f6st bei \u00c4rzten und Politikern Besorgnis aus. Sergei und Natalia mussten nach einem Angriff, der Sergei fast das Leben kostete, aus ihrem Heimatland fliehen. Sie haben sich mit ihren beiden kleinen T\u00f6chtern in Schweden niedergelassen und warten darauf, dass die Migrationsbeh\u00f6rde \u00fcber ihren Asylantrag entscheidet. Sie versuchen ihr Bestes, ein normales Leben zu f\u00fchren. Sie arbeiten hart, schicken ihre Kinder auf schwedische Schulen, lernen die Sprache, lassen sich regelm\u00e4\u00dfig von den Beh\u00f6rden kontrollieren und hoffen, dass sie eines Tages schwedische Staatsb\u00fcrger sein werden. Doch als ihr Asylantrag abgelehnt wird, bricht Katja, ihre j\u00fcngste Tochter, zusammen und f\u00e4llt in ein mysteri\u00f6ses Koma. Vor einem moralischen Dilemma stehend, wird Sergejs und Natalias Widerstandsf\u00e4higkeit auf die Probe gestellt. (Festivalinformationen, Venedig 2024)<\/p>\n\n\n\n<figure class=\"wp-block-embed is-type-video is-provider-youtube wp-block-embed-youtube wp-embed-aspect-16-9 wp-has-aspect-ratio\"><div class=\"wp-block-embed__wrapper\">\n<iframe loading=\"lazy\" title=\"QUIET LIFE Trailer German Deutsch (2025)\" width=\"900\" height=\"506\" src=\"https:\/\/www.youtube.com\/embed\/KY46czj3yEA?feature=oembed\" frameborder=\"0\" allow=\"accelerometer; autoplay; clipboard-write; encrypted-media; gyroscope; picture-in-picture; web-share\" referrerpolicy=\"strict-origin-when-cross-origin\" allowfullscreen><\/iframe>\n<\/div><\/figure>\n\n\n\n<p><\/p>\n","protected":false},"excerpt":{"rendered":"<p>Preistr\u00e4ger: 81. Internationale Filmfestspiele Venedig 2024, Interfilm-Preis zur F\u00f6rderung des interreligi\u00f6sen Dialogs Geplanter Filmstart: 24.04.2025 Regie: Alexandros Avranas (Schweden, FR, DE, GR, EE, FI 2024) Verleih: Wild Bunch Germany Schweden, 2018. Ein mysteri\u00f6ses Syndrom, von dem Fl\u00fcchtlingskinder betroffen sind, l\u00f6st bei \u00c4rzten und Politikern Besorgnis aus. Sergei und Natalia mussten nach einem Angriff, der Sergei fast das Leben kostete, aus ihrem Heimatland fliehen. Sie haben sich mit ihren beiden kleinen T\u00f6chtern in Schweden niedergelassen und [&#8230;]<\/p>\n","protected":false},"author":2,"featured_media":0,"comment_status":"closed","ping_status":"closed","sticky":false,"template":"","format":"standard","meta":{"_acf_changed":false,"footnotes":""},"categories":[36],"tags":[],"class_list":["post-1545","post","type-post","status-publish","format-standard","hentry","category-preisgekroente-filme"],"acf":[],"publishpress_future_action":{"enabled":false,"date":"2026-05-05 19:46:11","action":"change-status","newStatus":"draft","terms":[],"taxonomy":"category","extraData":[]},"publishpress_future_workflow_manual_trigger":{"enabledWorkflows":[]},"_links":{"self":[{"href":"https:\/\/interfilm-deutschland.de\/index.php?rest_route=\/wp\/v2\/posts\/1545","targetHints":{"allow":["GET"]}}],"collection":[{"href":"https:\/\/interfilm-deutschland.de\/index.php?rest_route=\/wp\/v2\/posts"}],"about":[{"href":"https:\/\/interfilm-deutschland.de\/index.php?rest_route=\/wp\/v2\/types\/post"}],"author":[{"embeddable":true,"href":"https:\/\/interfilm-deutschland.de\/index.php?rest_route=\/wp\/v2\/users\/2"}],"replies":[{"embeddable":true,"href":"https:\/\/interfilm-deutschland.de\/index.php?rest_route=%2Fwp%2Fv2%2Fcomments&post=1545"}],"version-history":[{"count":1,"href":"https:\/\/interfilm-deutschland.de\/index.php?rest_route=\/wp\/v2\/posts\/1545\/revisions"}],"predecessor-version":[{"id":1546,"href":"https:\/\/interfilm-deutschland.de\/index.php?rest_route=\/wp\/v2\/posts\/1545\/revisions\/1546"}],"wp:attachment":[{"href":"https:\/\/interfilm-deutschland.de\/index.php?rest_route=%2Fwp%2Fv2%2Fmedia&parent=1545"}],"wp:term":[{"taxonomy":"category","embeddable":true,"href":"https:\/\/interfilm-deutschland.de\/index.php?rest_route=%2Fwp%2Fv2%2Fcategories&post=1545"},{"taxonomy":"post_tag","embeddable":true,"href":"https:\/\/interfilm-deutschland.de\/index.php?rest_route=%2Fwp%2Fv2%2Ftags&post=1545"}],"curies":[{"name":"wp","href":"https:\/\/api.w.org\/{rel}","templated":true}]}}