{"id":1547,"date":"2025-03-27T15:51:26","date_gmt":"2025-03-27T14:51:26","guid":{"rendered":"https:\/\/interfilm-deutschland.de\/?p=1547"},"modified":"2025-03-27T15:51:27","modified_gmt":"2025-03-27T14:51:27","slug":"rosalie","status":"publish","type":"post","link":"https:\/\/interfilm-deutschland.de\/?p=1547","title":{"rendered":"Rosalie"},"content":{"rendered":"\n<figure class=\"wp-block-table\"><table class=\"has-fixed-layout\"><tbody><tr><td><strong>Preistr\u00e4ger:<\/strong><\/td><td>19. Festival des franz\u00f6sischen Films in der Schweiz (Biel), Prix C\u00e9lestine von Interfilm Schweiz<\/td><\/tr><tr><td><strong>Geplanter Filmstart:<\/strong><\/td><td>19.09.2024<\/td><\/tr><tr><td><strong>Regie:<\/strong><\/td><td>St\u00e9phanie De Giusto<\/td><\/tr><tr><td><strong>Verleih:<\/strong><\/td><td>X Verleih AGWebsite: https:\/\/www.x-verleih.de\/filme\/rosalie\/<\/td><\/tr><\/tbody><\/table><\/figure>\n\n\n\n<p>Rosalie lebt um 1870 in Frankreich und ist seit ihrer Geburt stark behaart. Nach ihrer Heirat mit Abel will sie ihre Andersartigkeit nicht l\u00e4nger verbergen. Der Film zeigt den Weg von Rosalie im Widerstand gegen die von der Gesellschaft vorgegebenen Geschlechterrollen zu ihrem Selbstbewusstsein als Frau, die zu ihrem Bartwuchs steht.<\/p>\n\n\n\n<p>Die Jury lobte die eindr\u00fcckliche Bildsprache und die durchdachte Symbolik des Films, der gleichzeitig fasziniert und befremdet. Weiter hei\u00dft es in der Jurybegr\u00fcndung: \u201eBer\u00fchrend wird die Lebensgeschichte der Rosalie au\u00dferdem durch die brillante Darstellung von Nadia Treszkiewicz in der Hauptrolle und die sorgf\u00e4ltige Figurenzeichnung allgemein. Regisseurin St\u00e9phanie Di Giusto versteht es, den in der Geschichte angelegten Gegensatz von Anziehung und Absto\u00dfung bildlich umzusetzen, z.B. durch Gegens\u00e4tze wie Opulenz und Kargheit, hell und dunkel, Natur und Kultur, innen und au\u00dfen.Die Geschichte regt zudem an,&nbsp;\u00fcber Genderfragen und gesellschaftliche Ausgrenzung nachzudenken.<\/p>\n\n\n\n<p><\/p>\n","protected":false},"excerpt":{"rendered":"<p>Preistr\u00e4ger: 19. Festival des franz\u00f6sischen Films in der Schweiz (Biel), Prix C\u00e9lestine von Interfilm Schweiz Geplanter Filmstart: 19.09.2024 Regie: St\u00e9phanie De Giusto Verleih: X Verleih AGWebsite: https:\/\/www.x-verleih.de\/filme\/rosalie\/ Rosalie lebt um 1870 in Frankreich und ist seit ihrer Geburt stark behaart. Nach ihrer Heirat mit Abel will sie ihre Andersartigkeit nicht l\u00e4nger verbergen. Der Film zeigt den Weg von Rosalie im Widerstand gegen die von der Gesellschaft vorgegebenen Geschlechterrollen zu ihrem Selbstbewusstsein als Frau, die zu [&#8230;]<\/p>\n","protected":false},"author":2,"featured_media":0,"comment_status":"closed","ping_status":"closed","sticky":false,"template":"","format":"standard","meta":{"_acf_changed":false,"footnotes":""},"categories":[36],"tags":[],"class_list":["post-1547","post","type-post","status-publish","format-standard","hentry","category-preisgekroente-filme"],"acf":[],"publishpress_future_action":{"enabled":false,"date":"2026-05-05 19:47:34","action":"change-status","newStatus":"draft","terms":[],"taxonomy":"category","extraData":[]},"publishpress_future_workflow_manual_trigger":{"enabledWorkflows":[]},"_links":{"self":[{"href":"https:\/\/interfilm-deutschland.de\/index.php?rest_route=\/wp\/v2\/posts\/1547","targetHints":{"allow":["GET"]}}],"collection":[{"href":"https:\/\/interfilm-deutschland.de\/index.php?rest_route=\/wp\/v2\/posts"}],"about":[{"href":"https:\/\/interfilm-deutschland.de\/index.php?rest_route=\/wp\/v2\/types\/post"}],"author":[{"embeddable":true,"href":"https:\/\/interfilm-deutschland.de\/index.php?rest_route=\/wp\/v2\/users\/2"}],"replies":[{"embeddable":true,"href":"https:\/\/interfilm-deutschland.de\/index.php?rest_route=%2Fwp%2Fv2%2Fcomments&post=1547"}],"version-history":[{"count":1,"href":"https:\/\/interfilm-deutschland.de\/index.php?rest_route=\/wp\/v2\/posts\/1547\/revisions"}],"predecessor-version":[{"id":1548,"href":"https:\/\/interfilm-deutschland.de\/index.php?rest_route=\/wp\/v2\/posts\/1547\/revisions\/1548"}],"wp:attachment":[{"href":"https:\/\/interfilm-deutschland.de\/index.php?rest_route=%2Fwp%2Fv2%2Fmedia&parent=1547"}],"wp:term":[{"taxonomy":"category","embeddable":true,"href":"https:\/\/interfilm-deutschland.de\/index.php?rest_route=%2Fwp%2Fv2%2Fcategories&post=1547"},{"taxonomy":"post_tag","embeddable":true,"href":"https:\/\/interfilm-deutschland.de\/index.php?rest_route=%2Fwp%2Fv2%2Ftags&post=1547"}],"curies":[{"name":"wp","href":"https:\/\/api.w.org\/{rel}","templated":true}]}}