{"id":1549,"date":"2025-03-27T15:54:41","date_gmt":"2025-03-27T14:54:41","guid":{"rendered":"https:\/\/interfilm-deutschland.de\/?p=1549"},"modified":"2025-03-27T15:54:43","modified_gmt":"2025-03-27T14:54:43","slug":"scham","status":"publish","type":"post","link":"https:\/\/interfilm-deutschland.de\/?p=1549","title":{"rendered":"Scham"},"content":{"rendered":"\n<figure class=\"wp-block-table\"><table class=\"has-fixed-layout\"><tbody><tr><td><strong>Preistr\u00e4ger:<\/strong><\/td><td>47. Filmfestival Max Oph\u00fcls Preis 2025, Preis der \u00d6kumenischen Jury<\/td><\/tr><tr><td><strong>Geplanter Filmstart:<\/strong><\/td><td>tba.<\/td><\/tr><tr><td><strong>Regie:<\/strong><\/td><td>Lukas R\u00f6der (Deutschland 2025)<\/td><\/tr><tr><td><strong>Verleih:<\/strong><\/td><td>misssingFILMs<\/td><\/tr><\/tbody><\/table><\/figure>\n\n\n\n<p>Aarons Kindheit war traumatisch. Er wurde als Kind von seiner Mutter Susanne geschlagen, immer wieder \u00fcbte sie sowohl k\u00f6rperliche als auch psychische Gewalt gegen ihn aus. Im Alter von sieben Jahren wurde er zudem von einem Unbekannten sexuell missbraucht. Daraufhin begann er mit anderen gleichaltrigen Kindern Sex zu haben. Heute, als junger Erwachsener, ist er immer noch traumatisiert und sch\u00e4mt sich zutiefst. Als er seine Mutter nach vier Jahren Funkstille wieder besucht, ist er bereit, sein Schweigen zu brechen. (Filmfestival Max Oph\u00fcls Preis)<\/p>\n","protected":false},"excerpt":{"rendered":"<p>Preistr\u00e4ger: 47. Filmfestival Max Oph\u00fcls Preis 2025, Preis der \u00d6kumenischen Jury Geplanter Filmstart: tba. Regie: Lukas R\u00f6der (Deutschland 2025) Verleih: misssingFILMs Aarons Kindheit war traumatisch. Er wurde als Kind von seiner Mutter Susanne geschlagen, immer wieder \u00fcbte sie sowohl k\u00f6rperliche als auch psychische Gewalt gegen ihn aus. Im Alter von sieben Jahren wurde er zudem von einem Unbekannten sexuell missbraucht. Daraufhin begann er mit anderen gleichaltrigen Kindern Sex zu haben. Heute, als junger Erwachsener, ist [&#8230;]<\/p>\n","protected":false},"author":2,"featured_media":0,"comment_status":"closed","ping_status":"closed","sticky":false,"template":"","format":"standard","meta":{"_acf_changed":false,"footnotes":""},"categories":[36],"tags":[],"class_list":["post-1549","post","type-post","status-publish","format-standard","hentry","category-preisgekroente-filme"],"acf":[],"publishpress_future_action":{"enabled":false,"date":"2026-05-05 19:49:27","action":"change-status","newStatus":"draft","terms":[],"taxonomy":"category","extraData":[]},"publishpress_future_workflow_manual_trigger":{"enabledWorkflows":[]},"_links":{"self":[{"href":"https:\/\/interfilm-deutschland.de\/index.php?rest_route=\/wp\/v2\/posts\/1549","targetHints":{"allow":["GET"]}}],"collection":[{"href":"https:\/\/interfilm-deutschland.de\/index.php?rest_route=\/wp\/v2\/posts"}],"about":[{"href":"https:\/\/interfilm-deutschland.de\/index.php?rest_route=\/wp\/v2\/types\/post"}],"author":[{"embeddable":true,"href":"https:\/\/interfilm-deutschland.de\/index.php?rest_route=\/wp\/v2\/users\/2"}],"replies":[{"embeddable":true,"href":"https:\/\/interfilm-deutschland.de\/index.php?rest_route=%2Fwp%2Fv2%2Fcomments&post=1549"}],"version-history":[{"count":1,"href":"https:\/\/interfilm-deutschland.de\/index.php?rest_route=\/wp\/v2\/posts\/1549\/revisions"}],"predecessor-version":[{"id":1550,"href":"https:\/\/interfilm-deutschland.de\/index.php?rest_route=\/wp\/v2\/posts\/1549\/revisions\/1550"}],"wp:attachment":[{"href":"https:\/\/interfilm-deutschland.de\/index.php?rest_route=%2Fwp%2Fv2%2Fmedia&parent=1549"}],"wp:term":[{"taxonomy":"category","embeddable":true,"href":"https:\/\/interfilm-deutschland.de\/index.php?rest_route=%2Fwp%2Fv2%2Fcategories&post=1549"},{"taxonomy":"post_tag","embeddable":true,"href":"https:\/\/interfilm-deutschland.de\/index.php?rest_route=%2Fwp%2Fv2%2Ftags&post=1549"}],"curies":[{"name":"wp","href":"https:\/\/api.w.org\/{rel}","templated":true}]}}