{"id":1551,"date":"2025-03-27T15:55:43","date_gmt":"2025-03-27T14:55:43","guid":{"rendered":"https:\/\/interfilm-deutschland.de\/?p=1551"},"modified":"2025-03-27T15:55:44","modified_gmt":"2025-03-27T14:55:44","slug":"the-blue-trail-o-ultimo-azul","status":"publish","type":"post","link":"https:\/\/interfilm-deutschland.de\/?p=1551","title":{"rendered":"The Blue Trail (O \u00faltimo azul)"},"content":{"rendered":"\n<figure class=\"wp-block-table\"><table class=\"has-fixed-layout\"><tbody><tr><td><strong>Preistr\u00e4ger:<\/strong><\/td><td>75. Internationale Filmfestspiele Berlin, Preis der \u00d6kumenischen Jury (Wettbewerb)<\/td><\/tr><tr><td><strong>Geplanter Filmstart:<\/strong><\/td><td>Sp\u00e4tsommer\/Herbst 2025<\/td><\/tr><tr><td><strong>Regie:<\/strong><\/td><td>Gabriel Mascaro (Brasilien u.a., 2025)<\/td><\/tr><tr><td><strong>Verleih:<\/strong><\/td><td>Alamode Filmdistribution OHG<\/td><\/tr><\/tbody><\/table><\/figure>\n\n\n\n<p>Damit die jungen Menschen ungest\u00f6rt ihre Produktivit\u00e4t steigern k\u00f6nnen, werden alte in Seniorenkolonien untergebracht. Die 77-j\u00e4hrige Tereza weigert sich, das zu akzeptiere, und begibt sich auf eine schicksalhafte Reise durch das Amazonasgebiet. (Berlinale)<\/p>\n\n\n\n<p><\/p>\n","protected":false},"excerpt":{"rendered":"<p>Preistr\u00e4ger: 75. Internationale Filmfestspiele Berlin, Preis der \u00d6kumenischen Jury (Wettbewerb) Geplanter Filmstart: Sp\u00e4tsommer\/Herbst 2025 Regie: Gabriel Mascaro (Brasilien u.a., 2025) Verleih: Alamode Filmdistribution OHG Damit die jungen Menschen ungest\u00f6rt ihre Produktivit\u00e4t steigern k\u00f6nnen, werden alte in Seniorenkolonien untergebracht. Die 77-j\u00e4hrige Tereza weigert sich, das zu akzeptiere, und begibt sich auf eine schicksalhafte Reise durch das Amazonasgebiet. (Berlinale)<\/p>\n","protected":false},"author":2,"featured_media":0,"comment_status":"closed","ping_status":"closed","sticky":false,"template":"","format":"standard","meta":{"_acf_changed":false,"footnotes":""},"categories":[36],"tags":[],"class_list":["post-1551","post","type-post","status-publish","format-standard","hentry","category-preisgekroente-filme"],"acf":[],"publishpress_future_action":{"enabled":false,"date":"2026-05-05 19:50:04","action":"change-status","newStatus":"draft","terms":[],"taxonomy":"category","extraData":[]},"publishpress_future_workflow_manual_trigger":{"enabledWorkflows":[]},"_links":{"self":[{"href":"https:\/\/interfilm-deutschland.de\/index.php?rest_route=\/wp\/v2\/posts\/1551","targetHints":{"allow":["GET"]}}],"collection":[{"href":"https:\/\/interfilm-deutschland.de\/index.php?rest_route=\/wp\/v2\/posts"}],"about":[{"href":"https:\/\/interfilm-deutschland.de\/index.php?rest_route=\/wp\/v2\/types\/post"}],"author":[{"embeddable":true,"href":"https:\/\/interfilm-deutschland.de\/index.php?rest_route=\/wp\/v2\/users\/2"}],"replies":[{"embeddable":true,"href":"https:\/\/interfilm-deutschland.de\/index.php?rest_route=%2Fwp%2Fv2%2Fcomments&post=1551"}],"version-history":[{"count":1,"href":"https:\/\/interfilm-deutschland.de\/index.php?rest_route=\/wp\/v2\/posts\/1551\/revisions"}],"predecessor-version":[{"id":1552,"href":"https:\/\/interfilm-deutschland.de\/index.php?rest_route=\/wp\/v2\/posts\/1551\/revisions\/1552"}],"wp:attachment":[{"href":"https:\/\/interfilm-deutschland.de\/index.php?rest_route=%2Fwp%2Fv2%2Fmedia&parent=1551"}],"wp:term":[{"taxonomy":"category","embeddable":true,"href":"https:\/\/interfilm-deutschland.de\/index.php?rest_route=%2Fwp%2Fv2%2Fcategories&post=1551"},{"taxonomy":"post_tag","embeddable":true,"href":"https:\/\/interfilm-deutschland.de\/index.php?rest_route=%2Fwp%2Fv2%2Ftags&post=1551"}],"curies":[{"name":"wp","href":"https:\/\/api.w.org\/{rel}","templated":true}]}}