{"id":1555,"date":"2025-03-27T15:57:43","date_gmt":"2025-03-27T14:57:43","guid":{"rendered":"https:\/\/interfilm-deutschland.de\/?p=1555"},"modified":"2025-03-27T15:57:44","modified_gmt":"2025-03-27T14:57:44","slug":"wenn-das-licht-zerbricht-ljosbrot","status":"publish","type":"post","link":"https:\/\/interfilm-deutschland.de\/?p=1555","title":{"rendered":"Wenn das Licht zerbricht (Lj\u00f3sbrot)"},"content":{"rendered":"\n<figure class=\"wp-block-table\"><table class=\"has-fixed-layout\"><tbody><tr><td><strong>Preistr\u00e4ger:<\/strong><\/td><td>66. Nordische Filmtage L\u00fcbeck, Preis der Kirchlichen Jury<\/td><\/tr><tr><td><strong>Geplanter Filmstart:<\/strong><\/td><td>08.05.2025<\/td><\/tr><tr><td><strong>Regie:<\/strong><\/td><td>R\u00fanar R\u00fanarsson (Island 2024)<\/td><\/tr><tr><td><strong>Verleih:<\/strong><\/td><td>Neue Visionen Filmverleih<\/td><\/tr><\/tbody><\/table><\/figure>\n\n\n\n<p>Diddi und Una genie\u00dfen den Sonnenuntergang am Meer. Seit Kurzem sind die beiden Kunststudierenden ein Paar, doch noch wei\u00df niemand davon. Als Diddi bei einer Brandkatastrophe ums Leben kommt, bleibt Una mit ihrer Trauer zun\u00e4chst allein.&nbsp;<br>Die Handlung spielt an einem einzigen Tag der extremen Gef\u00fchle. Diddis Freund:innen stehen unter Schock. Klara, die seit Kindheitstagen seine Freundin war, kommt aus der Provinz angereist. Sie ist es, die von den anderen in den Arm genommen und getr\u00f6stet wird, Una steht verloren am Bildrand. Dennoch setzt sich die selbstbewusste junge Frau der Situation aus. Mit Diddis Clique trinkt sie auf den Toten. Das Zusammentreffen m\u00fcndet in einer spontanen Party, bei der sich die Verzweiflung der Trauernden in einem exzessiven Tanz ausdr\u00fcckt. Verschiedene Arten zu trauern stehen nebeneinander, flie\u00dfen ineinander. Das Bed\u00fcrfnis, den Verlust eines geliebten Menschen zu teilen, wird wichtiger als die eigene Geschichte mit dem Verstorbenen. In nur 24 Stunden erlebt Una Trauer und Freundschaft, Schmerz und Sch\u00f6nheit. (Nordische Filmtage L\u00fcbeck)<\/p>\n\n\n\n<p><\/p>\n","protected":false},"excerpt":{"rendered":"<p>Preistr\u00e4ger: 66. Nordische Filmtage L\u00fcbeck, Preis der Kirchlichen Jury Geplanter Filmstart: 08.05.2025 Regie: R\u00fanar R\u00fanarsson (Island 2024) Verleih: Neue Visionen Filmverleih Diddi und Una genie\u00dfen den Sonnenuntergang am Meer. Seit Kurzem sind die beiden Kunststudierenden ein Paar, doch noch wei\u00df niemand davon. Als Diddi bei einer Brandkatastrophe ums Leben kommt, bleibt Una mit ihrer Trauer zun\u00e4chst allein.&nbsp;Die Handlung spielt an einem einzigen Tag der extremen Gef\u00fchle. Diddis Freund:innen stehen unter Schock. Klara, die seit Kindheitstagen [&#8230;]<\/p>\n","protected":false},"author":2,"featured_media":0,"comment_status":"closed","ping_status":"closed","sticky":false,"template":"","format":"standard","meta":{"_acf_changed":false,"footnotes":""},"categories":[36],"tags":[],"class_list":["post-1555","post","type-post","status-publish","format-standard","hentry","category-preisgekroente-filme"],"acf":[],"publishpress_future_action":{"enabled":false,"date":"2026-05-05 19:45:18","action":"change-status","newStatus":"draft","terms":[],"taxonomy":"category","extraData":[]},"publishpress_future_workflow_manual_trigger":{"enabledWorkflows":[]},"_links":{"self":[{"href":"https:\/\/interfilm-deutschland.de\/index.php?rest_route=\/wp\/v2\/posts\/1555","targetHints":{"allow":["GET"]}}],"collection":[{"href":"https:\/\/interfilm-deutschland.de\/index.php?rest_route=\/wp\/v2\/posts"}],"about":[{"href":"https:\/\/interfilm-deutschland.de\/index.php?rest_route=\/wp\/v2\/types\/post"}],"author":[{"embeddable":true,"href":"https:\/\/interfilm-deutschland.de\/index.php?rest_route=\/wp\/v2\/users\/2"}],"replies":[{"embeddable":true,"href":"https:\/\/interfilm-deutschland.de\/index.php?rest_route=%2Fwp%2Fv2%2Fcomments&post=1555"}],"version-history":[{"count":1,"href":"https:\/\/interfilm-deutschland.de\/index.php?rest_route=\/wp\/v2\/posts\/1555\/revisions"}],"predecessor-version":[{"id":1556,"href":"https:\/\/interfilm-deutschland.de\/index.php?rest_route=\/wp\/v2\/posts\/1555\/revisions\/1556"}],"wp:attachment":[{"href":"https:\/\/interfilm-deutschland.de\/index.php?rest_route=%2Fwp%2Fv2%2Fmedia&parent=1555"}],"wp:term":[{"taxonomy":"category","embeddable":true,"href":"https:\/\/interfilm-deutschland.de\/index.php?rest_route=%2Fwp%2Fv2%2Fcategories&post=1555"},{"taxonomy":"post_tag","embeddable":true,"href":"https:\/\/interfilm-deutschland.de\/index.php?rest_route=%2Fwp%2Fv2%2Ftags&post=1555"}],"curies":[{"name":"wp","href":"https:\/\/api.w.org\/{rel}","templated":true}]}}