{"id":1574,"date":"2025-06-30T16:14:25","date_gmt":"2025-06-30T14:14:25","guid":{"rendered":"https:\/\/interfilm-deutschland.de\/?p=1574"},"modified":"2025-06-30T16:14:27","modified_gmt":"2025-06-30T14:14:27","slug":"kriminologische-filmreihe-fassbinder-sneak","status":"publish","type":"post","link":"https:\/\/interfilm-deutschland.de\/?p=1574","title":{"rendered":"Kriminologische Filmreihe: Fassbinder-Sneak"},"content":{"rendered":"\n<figure class=\"wp-block-image alignright size-large is-resized\"><img loading=\"lazy\" decoding=\"async\" width=\"1024\" height=\"683\" src=\"https:\/\/interfilm-deutschland.de\/wp-content\/uploads\/2025\/06\/Fragezeichen-1024x683.jpg\" alt=\"\" class=\"wp-image-1575\" style=\"width:420px;height:auto\" srcset=\"https:\/\/interfilm-deutschland.de\/wp-content\/uploads\/2025\/06\/Fragezeichen-1024x683.jpg 1024w, https:\/\/interfilm-deutschland.de\/wp-content\/uploads\/2025\/06\/Fragezeichen-300x200.jpg 300w, https:\/\/interfilm-deutschland.de\/wp-content\/uploads\/2025\/06\/Fragezeichen-768x512.jpg 768w, https:\/\/interfilm-deutschland.de\/wp-content\/uploads\/2025\/06\/Fragezeichen-1536x1024.jpg 1536w, https:\/\/interfilm-deutschland.de\/wp-content\/uploads\/2025\/06\/Fragezeichen-2048x1366.jpg 2048w, https:\/\/interfilm-deutschland.de\/wp-content\/uploads\/2025\/06\/Fragezeichen-1800x1200.jpg 1800w\" sizes=\"auto, (max-width: 1024px) 100vw, 1024px\" \/><\/figure>\n\n\n\n<p><strong>09.07.2025, 20:00 Uhr<\/strong><\/p>\n\n\n\n<p>Faschismus, Terrorismus, Amokl\u00e4ufe, h\u00e4usliche Gewalt &amp; Familienkonflikte: Fassbinders Themen sind wie geschaffen f\u00fcr die Kriminologische Filmreihe&#8230; Seine radikale \u00c4sthetik und sein unvers\u00f6hnlicher Blick auf deutsche Tabus irritieren bis heute und finden im Ausland st\u00e4rkere Verehrung als hierzulande. Wir pr\u00e4sentieren einen selten gezeigten Film auf 35 mm von Rainer Werner Fassbinder.<\/p>\n\n\n\n<p>Als Gast begr\u00fc\u00dfen wir den Hauptdarsteller!<\/p>\n\n\n\n<div class=\"wp-block-buttons is-layout-flex wp-block-buttons-is-layout-flex\">\n<div class=\"wp-block-button\"><a class=\"wp-block-button__link wp-element-button\" href=\"https:\/\/kinoheld.de\/kino-hamburg\/metropolis-kino\/vorstellung\/3252386686\">Tickets<\/a><\/div>\n<\/div>\n\n\n\n<p><\/p>\n","protected":false},"excerpt":{"rendered":"<p>09.07.2025, 20:00 Uhr Faschismus, Terrorismus, Amokl\u00e4ufe, h\u00e4usliche Gewalt &amp; Familienkonflikte: Fassbinders Themen sind wie geschaffen f\u00fcr die Kriminologische Filmreihe&#8230; Seine radikale \u00c4sthetik und sein unvers\u00f6hnlicher Blick auf deutsche Tabus irritieren bis heute und finden im Ausland st\u00e4rkere Verehrung als hierzulande. Wir pr\u00e4sentieren einen selten gezeigten Film auf 35 mm von Rainer Werner Fassbinder. Als Gast begr\u00fc\u00dfen wir den Hauptdarsteller!<\/p>\n","protected":false},"author":2,"featured_media":0,"comment_status":"closed","ping_status":"closed","sticky":false,"template":"","format":"standard","meta":{"_acf_changed":false,"footnotes":""},"categories":[59],"tags":[],"class_list":["post-1574","post","type-post","status-publish","format-standard","hentry","category-veranstaltung"],"acf":[],"publishpress_future_action":{"enabled":false,"date":"2026-05-08 08:15:30","action":"change-status","newStatus":"draft","terms":[],"taxonomy":"category","extraData":[]},"publishpress_future_workflow_manual_trigger":{"enabledWorkflows":[]},"_links":{"self":[{"href":"https:\/\/interfilm-deutschland.de\/index.php?rest_route=\/wp\/v2\/posts\/1574","targetHints":{"allow":["GET"]}}],"collection":[{"href":"https:\/\/interfilm-deutschland.de\/index.php?rest_route=\/wp\/v2\/posts"}],"about":[{"href":"https:\/\/interfilm-deutschland.de\/index.php?rest_route=\/wp\/v2\/types\/post"}],"author":[{"embeddable":true,"href":"https:\/\/interfilm-deutschland.de\/index.php?rest_route=\/wp\/v2\/users\/2"}],"replies":[{"embeddable":true,"href":"https:\/\/interfilm-deutschland.de\/index.php?rest_route=%2Fwp%2Fv2%2Fcomments&post=1574"}],"version-history":[{"count":1,"href":"https:\/\/interfilm-deutschland.de\/index.php?rest_route=\/wp\/v2\/posts\/1574\/revisions"}],"predecessor-version":[{"id":1576,"href":"https:\/\/interfilm-deutschland.de\/index.php?rest_route=\/wp\/v2\/posts\/1574\/revisions\/1576"}],"wp:attachment":[{"href":"https:\/\/interfilm-deutschland.de\/index.php?rest_route=%2Fwp%2Fv2%2Fmedia&parent=1574"}],"wp:term":[{"taxonomy":"category","embeddable":true,"href":"https:\/\/interfilm-deutschland.de\/index.php?rest_route=%2Fwp%2Fv2%2Fcategories&post=1574"},{"taxonomy":"post_tag","embeddable":true,"href":"https:\/\/interfilm-deutschland.de\/index.php?rest_route=%2Fwp%2Fv2%2Ftags&post=1574"}],"curies":[{"name":"wp","href":"https:\/\/api.w.org\/{rel}","templated":true}]}}