{"id":1579,"date":"2025-10-10T16:41:49","date_gmt":"2025-10-10T14:41:49","guid":{"rendered":"https:\/\/interfilm-deutschland.de\/?p=1579"},"modified":"2025-10-10T16:41:50","modified_gmt":"2025-10-10T14:41:50","slug":"das-tiefste-blau-o-ultimo-azul","status":"publish","type":"post","link":"https:\/\/interfilm-deutschland.de\/?p=1579","title":{"rendered":"Das tiefste Blau (O \u00faltimo azul)"},"content":{"rendered":"\n<figure class=\"wp-block-table\"><table class=\"has-fixed-layout\"><tbody><tr><td><strong>Preistr\u00e4ger:<\/strong><\/td><td>75. Internationale Filmfestspiele Berlin, Preis der \u00d6kumenischen Jury (Wettbewerb)<\/td><\/tr><tr><td><strong>Geplanter Filmstart:<\/strong><\/td><td>25.09. 2025<\/td><\/tr><tr><td><strong>Regie:<\/strong><\/td><td>Gabriel Mascaro (Brasilien u.a., 2025)<\/td><\/tr><tr><td><strong>Verleih:<\/strong><\/td><td>Alamode Filmdistribution OHG \/ Die Filmagentinnen<\/td><\/tr><\/tbody><\/table><\/figure>\n\n\n\n<p><\/p>\n\n\n\n<p>Die 77-j\u00e4hrige Tereza lebt in einer kleinen Industriestadt im Amazonasgebiet. Eines Tages erh\u00e4lt sie die offizielle Anweisung der Regierung, in eine Seniorenkolonie in einer entlegenen Gegend zu ziehen. Hier sollen die Alten ihre letzten Jahre \u201egenie\u00dfen\u201c, w\u00e4hrend die junge Generation sich voll und ganz auf Produktivit\u00e4t und Wirtschaftswachstum konzentrieren kann. Doch Tereza widersetzt sich. Sie begibt sich auf eine Reise immer weiter hinein in das Amazonasgebiet, durch die Nebenfl\u00fcsse und den Dschungel. Einen letzten Wunsch will sie sich erf\u00fcllen, bevor man ihr die Freiheit nimmt. Einen letzten Wunsch, der Tereza ver\u00e4ndern und ihr Leben in eine neue Richtung lenken wird. (Alamode Film Verleih)&nbsp;<\/p>\n\n\n\n<p>Ausgezeichnet mit dem \u00d6kumenischen Filmpreis im Wettbewerb der 75. Internationalen Filmfestspiele Berlin<\/p>\n","protected":false},"excerpt":{"rendered":"<p>Preistr\u00e4ger: 75. Internationale Filmfestspiele Berlin, Preis der \u00d6kumenischen Jury (Wettbewerb) Geplanter Filmstart: 25.09. 2025 Regie: Gabriel Mascaro (Brasilien u.a., 2025) Verleih: Alamode Filmdistribution OHG \/ Die Filmagentinnen Die 77-j\u00e4hrige Tereza lebt in einer kleinen Industriestadt im Amazonasgebiet. Eines Tages erh\u00e4lt sie die offizielle Anweisung der Regierung, in eine Seniorenkolonie in einer entlegenen Gegend zu ziehen. Hier sollen die Alten ihre letzten Jahre \u201egenie\u00dfen\u201c, w\u00e4hrend die junge Generation sich voll und ganz auf Produktivit\u00e4t und Wirtschaftswachstum [&#8230;]<\/p>\n","protected":false},"author":2,"featured_media":0,"comment_status":"closed","ping_status":"closed","sticky":false,"template":"","format":"standard","meta":{"_acf_changed":false,"footnotes":""},"categories":[36],"tags":[],"class_list":["post-1579","post","type-post","status-publish","format-standard","hentry","category-preisgekroente-filme"],"acf":[],"publishpress_future_action":{"enabled":false,"date":"2026-05-05 19:45:18","action":"change-status","newStatus":"draft","terms":[],"taxonomy":"category","extraData":[]},"publishpress_future_workflow_manual_trigger":{"enabledWorkflows":[]},"_links":{"self":[{"href":"https:\/\/interfilm-deutschland.de\/index.php?rest_route=\/wp\/v2\/posts\/1579","targetHints":{"allow":["GET"]}}],"collection":[{"href":"https:\/\/interfilm-deutschland.de\/index.php?rest_route=\/wp\/v2\/posts"}],"about":[{"href":"https:\/\/interfilm-deutschland.de\/index.php?rest_route=\/wp\/v2\/types\/post"}],"author":[{"embeddable":true,"href":"https:\/\/interfilm-deutschland.de\/index.php?rest_route=\/wp\/v2\/users\/2"}],"replies":[{"embeddable":true,"href":"https:\/\/interfilm-deutschland.de\/index.php?rest_route=%2Fwp%2Fv2%2Fcomments&post=1579"}],"version-history":[{"count":1,"href":"https:\/\/interfilm-deutschland.de\/index.php?rest_route=\/wp\/v2\/posts\/1579\/revisions"}],"predecessor-version":[{"id":1580,"href":"https:\/\/interfilm-deutschland.de\/index.php?rest_route=\/wp\/v2\/posts\/1579\/revisions\/1580"}],"wp:attachment":[{"href":"https:\/\/interfilm-deutschland.de\/index.php?rest_route=%2Fwp%2Fv2%2Fmedia&parent=1579"}],"wp:term":[{"taxonomy":"category","embeddable":true,"href":"https:\/\/interfilm-deutschland.de\/index.php?rest_route=%2Fwp%2Fv2%2Fcategories&post=1579"},{"taxonomy":"post_tag","embeddable":true,"href":"https:\/\/interfilm-deutschland.de\/index.php?rest_route=%2Fwp%2Fv2%2Ftags&post=1579"}],"curies":[{"name":"wp","href":"https:\/\/api.w.org\/{rel}","templated":true}]}}