{"id":1581,"date":"2025-10-17T07:53:06","date_gmt":"2025-10-17T05:53:06","guid":{"rendered":"https:\/\/interfilm-deutschland.de\/?p=1581"},"modified":"2025-10-17T07:53:08","modified_gmt":"2025-10-17T05:53:08","slug":"kriminologische-filmreihe-die-120-tage-von-sodom-salo-o-le-120-giornate-di-sodoma","status":"publish","type":"post","link":"https:\/\/interfilm-deutschland.de\/?p=1581","title":{"rendered":"Kriminologische Filmreihe: DIE 120 TAGE VON SODOM (SAL\u00d2 O LE 120 GIORNATE DI SODOMA)"},"content":{"rendered":"\n<figure class=\"wp-block-image alignright size-large is-resized\"><img loading=\"lazy\" decoding=\"async\" width=\"1024\" height=\"576\" src=\"https:\/\/interfilm-deutschland.de\/wp-content\/uploads\/2025\/10\/Salo-o-le-120-giornate-di-Sodoma-Still-1024x576.jpg\" alt=\"\" class=\"wp-image-1582\" style=\"width:514px;height:auto\" srcset=\"https:\/\/interfilm-deutschland.de\/wp-content\/uploads\/2025\/10\/Salo-o-le-120-giornate-di-Sodoma-Still-1024x576.jpg 1024w, https:\/\/interfilm-deutschland.de\/wp-content\/uploads\/2025\/10\/Salo-o-le-120-giornate-di-Sodoma-Still-300x169.jpg 300w, https:\/\/interfilm-deutschland.de\/wp-content\/uploads\/2025\/10\/Salo-o-le-120-giornate-di-Sodoma-Still-768x432.jpg 768w, https:\/\/interfilm-deutschland.de\/wp-content\/uploads\/2025\/10\/Salo-o-le-120-giornate-di-Sodoma-Still.jpg 1280w\" sizes=\"auto, (max-width: 1024px) 100vw, 1024px\" \/><\/figure>\n\n\n\n<p>Zum 50. Todestag von Pier Paolo Pasolini<\/p>\n\n\n\n<p>Nach der Trilogie des Lebens (Pasolini verfilmte das Dekameron, die Canterbury Tales und die Geschichten aus 1001 Nacht) entstand mit den 120 TAGEN VON SODOM eines der umstrittensten Werke der Filmgeschichte, das Kritik wie Publikum bis heute schockiert und in zahlreichen L\u00e4ndern nicht gezeigt werden darf. Pasolini verlegt in seinem letzten Film die Handlung der ebenso kontrovers diskutierten Vorlage des Marquis de Sade vom Ancien Regime in das faschistische Italien: Die Geschichte von vier angesehenen B\u00fcrgern, die an einem abgelegenen Ort furchtbare Gr\u00e4ueltaten begehen, ist eine Kritik an Machtmissbrauch, autorit\u00e4ren Regimen und der Konsumgesellschaft.<\/p>\n\n\n\n<p>Nur kurze Zeit nach den Dreharbeiten wurde Pasolini ermordet aufgefunden, m\u00f6gliche politische Motive werden bis heute vermutet.<\/p>\n\n\n\n<div class=\"wp-block-buttons is-layout-flex wp-block-buttons-is-layout-flex\">\n<div class=\"wp-block-button\"><a class=\"wp-block-button__link wp-element-button\" href=\"https:\/\/kinoheld.de\/kino\/hamburg\/metropolis-kino\/vorstellung\/3332796551\">Tickets<\/a><\/div>\n<\/div>\n\n\n\n<p><\/p>\n","protected":false},"excerpt":{"rendered":"<p>Zum 50. Todestag von Pier Paolo Pasolini Nach der Trilogie des Lebens (Pasolini verfilmte das Dekameron, die Canterbury Tales und die Geschichten aus 1001 Nacht) entstand mit den 120 TAGEN VON SODOM eines der umstrittensten Werke der Filmgeschichte, das Kritik wie Publikum bis heute schockiert und in zahlreichen L\u00e4ndern nicht gezeigt werden darf. Pasolini verlegt in seinem letzten Film die Handlung der ebenso kontrovers diskutierten Vorlage des Marquis de Sade vom Ancien Regime in das [&#8230;]<\/p>\n","protected":false},"author":2,"featured_media":0,"comment_status":"closed","ping_status":"closed","sticky":false,"template":"","format":"standard","meta":{"_acf_changed":false,"footnotes":""},"categories":[59],"tags":[],"class_list":["post-1581","post","type-post","status-publish","format-standard","hentry","category-veranstaltung"],"acf":[],"publishpress_future_action":{"enabled":false,"date":"2026-05-08 08:08:16","action":"change-status","newStatus":"draft","terms":[],"taxonomy":"category","extraData":[]},"publishpress_future_workflow_manual_trigger":{"enabledWorkflows":[]},"_links":{"self":[{"href":"https:\/\/interfilm-deutschland.de\/index.php?rest_route=\/wp\/v2\/posts\/1581","targetHints":{"allow":["GET"]}}],"collection":[{"href":"https:\/\/interfilm-deutschland.de\/index.php?rest_route=\/wp\/v2\/posts"}],"about":[{"href":"https:\/\/interfilm-deutschland.de\/index.php?rest_route=\/wp\/v2\/types\/post"}],"author":[{"embeddable":true,"href":"https:\/\/interfilm-deutschland.de\/index.php?rest_route=\/wp\/v2\/users\/2"}],"replies":[{"embeddable":true,"href":"https:\/\/interfilm-deutschland.de\/index.php?rest_route=%2Fwp%2Fv2%2Fcomments&post=1581"}],"version-history":[{"count":1,"href":"https:\/\/interfilm-deutschland.de\/index.php?rest_route=\/wp\/v2\/posts\/1581\/revisions"}],"predecessor-version":[{"id":1583,"href":"https:\/\/interfilm-deutschland.de\/index.php?rest_route=\/wp\/v2\/posts\/1581\/revisions\/1583"}],"wp:attachment":[{"href":"https:\/\/interfilm-deutschland.de\/index.php?rest_route=%2Fwp%2Fv2%2Fmedia&parent=1581"}],"wp:term":[{"taxonomy":"category","embeddable":true,"href":"https:\/\/interfilm-deutschland.de\/index.php?rest_route=%2Fwp%2Fv2%2Fcategories&post=1581"},{"taxonomy":"post_tag","embeddable":true,"href":"https:\/\/interfilm-deutschland.de\/index.php?rest_route=%2Fwp%2Fv2%2Ftags&post=1581"}],"curies":[{"name":"wp","href":"https:\/\/api.w.org\/{rel}","templated":true}]}}