{"id":1611,"date":"2026-01-16T16:18:18","date_gmt":"2026-01-16T15:18:18","guid":{"rendered":"https:\/\/interfilm-deutschland.de\/?p=1611"},"modified":"2026-02-27T11:09:39","modified_gmt":"2026-02-27T10:09:39","slug":"auftakt-zur-neuen-reihe-interfilmgespraech-sabine-horst-leitende-redakteurin-von-epd-film","status":"publish","type":"post","link":"https:\/\/interfilm-deutschland.de\/?p=1611","title":{"rendered":"Auftakt zur neuen Reihe InterFILMgespr\u00e4che: Sabine Horst, verantwortliche Redakteurin von epd Film"},"content":{"rendered":"\n<p>In der neuen Reihe InterFILMgespr\u00e4che erz\u00e4hlt Sabine Horst, verantwortliche Redakteurin der renommierten Filmzeitschrift epd Film, von ihrer Arbeit. Was sind die Aufgaben der Filmkritik, was ist das spezifische Anliegen von epd Film?<\/p>\n\n\n\n<p>Sabine Horst ist von Haus aus Germanistin, schreibt f\u00fcr die ZEIT und den TAGESSPIEGEL, gibt gelegentlich B\u00fccher zu interessanten Themen (Robert de Niro, &#8222;M\u00e4nner &#8211; Sex &#8211; Kino&#8220;) heraus und sitzt in der Jury der Evangelischen Filmarbeit.<\/p>\n\n\n\n<p>Einmal im Vierteljahr wollen wir ein InterFILMgespr\u00e4ch f\u00fchren mit Filmschaffenden, Festivalleuten oder anderen, die im Bereich Film unterwegs sind. <\/p>\n\n\n\n<p><strong>InterFILMgespr\u00e4ch mit Sabine Horst<br>Montag, 9. M\u00e4rz 2026, 18:00 &#8211; 19:00 Uhr<\/strong><br>Ein Link zur Teilnahme an diesem Zoom-Event wird Interessierten gern zur Verf\u00fcgung gestellt. Anmeldung bitte an <a href=\"mailto:vorstand@interfilm-deutschland.de\">vorstand@interfilm-deutschland.de<\/a> <\/p>\n\n\n\n<p><\/p>\n","protected":false},"excerpt":{"rendered":"<p>In der neuen Reihe InterFILMgespr\u00e4che erz\u00e4hlt Sabine Horst, verantwortliche Redakteurin der renommierten Filmzeitschrift epd Film, von ihrer Arbeit. Was sind die Aufgaben der Filmkritik, was ist das spezifische Anliegen von epd Film? Sabine Horst ist von Haus aus Germanistin, schreibt f\u00fcr die ZEIT und den TAGESSPIEGEL, gibt gelegentlich B\u00fccher zu interessanten Themen (Robert de Niro, &#8222;M\u00e4nner &#8211; Sex &#8211; Kino&#8220;) heraus und sitzt in der Jury der Evangelischen Filmarbeit. Einmal im Vierteljahr wollen wir ein [&#8230;]<\/p>\n","protected":false},"author":3,"featured_media":1612,"comment_status":"closed","ping_status":"closed","sticky":false,"template":"","format":"standard","meta":{"_acf_changed":false,"footnotes":""},"categories":[25],"tags":[],"class_list":["post-1611","post","type-post","status-publish","format-standard","has-post-thumbnail","hentry","category-news"],"acf":[],"publishpress_future_action":{"enabled":false,"date":"2026-05-05 16:46:11","action":"change-status","newStatus":"draft","terms":[],"taxonomy":"category","extraData":[]},"publishpress_future_workflow_manual_trigger":{"enabledWorkflows":[]},"_links":{"self":[{"href":"https:\/\/interfilm-deutschland.de\/index.php?rest_route=\/wp\/v2\/posts\/1611","targetHints":{"allow":["GET"]}}],"collection":[{"href":"https:\/\/interfilm-deutschland.de\/index.php?rest_route=\/wp\/v2\/posts"}],"about":[{"href":"https:\/\/interfilm-deutschland.de\/index.php?rest_route=\/wp\/v2\/types\/post"}],"author":[{"embeddable":true,"href":"https:\/\/interfilm-deutschland.de\/index.php?rest_route=\/wp\/v2\/users\/3"}],"replies":[{"embeddable":true,"href":"https:\/\/interfilm-deutschland.de\/index.php?rest_route=%2Fwp%2Fv2%2Fcomments&post=1611"}],"version-history":[{"count":4,"href":"https:\/\/interfilm-deutschland.de\/index.php?rest_route=\/wp\/v2\/posts\/1611\/revisions"}],"predecessor-version":[{"id":1655,"href":"https:\/\/interfilm-deutschland.de\/index.php?rest_route=\/wp\/v2\/posts\/1611\/revisions\/1655"}],"wp:featuredmedia":[{"embeddable":true,"href":"https:\/\/interfilm-deutschland.de\/index.php?rest_route=\/wp\/v2\/media\/1612"}],"wp:attachment":[{"href":"https:\/\/interfilm-deutschland.de\/index.php?rest_route=%2Fwp%2Fv2%2Fmedia&parent=1611"}],"wp:term":[{"taxonomy":"category","embeddable":true,"href":"https:\/\/interfilm-deutschland.de\/index.php?rest_route=%2Fwp%2Fv2%2Fcategories&post=1611"},{"taxonomy":"post_tag","embeddable":true,"href":"https:\/\/interfilm-deutschland.de\/index.php?rest_route=%2Fwp%2Fv2%2Ftags&post=1611"}],"curies":[{"name":"wp","href":"https:\/\/api.w.org\/{rel}","templated":true}]}}