{"id":1643,"date":"2026-01-31T20:07:40","date_gmt":"2026-01-31T19:07:40","guid":{"rendered":"https:\/\/interfilm-deutschland.de\/?p=1643"},"modified":"2026-01-31T20:07:41","modified_gmt":"2026-01-31T19:07:41","slug":"jeunes-meres-junge-muetter","status":"publish","type":"post","link":"https:\/\/interfilm-deutschland.de\/?p=1643","title":{"rendered":"Jeunes m\u00e8res \u2013 Junge M\u00fctter"},"content":{"rendered":"\n<figure class=\"wp-block-table\"><table class=\"has-fixed-layout\"><tbody><tr><td><strong>Preistr\u00e4ger:<\/strong><\/td><td>78<sup>e&nbsp;<\/sup>Festival International du Film de Cannes 2025, Preis der \u00d6kumenischen Jury<\/td><\/tr><tr><td><strong>Geplanter Filmstart:<\/strong><\/td><td>05.03. 2026<\/td><\/tr><tr><td><strong>Regie:<\/strong><\/td><td>Jean-Pierre Dardenne, Luc Dardenne (Belgien, Frankreich 2025)<\/td><\/tr><tr><td><strong>Verleih:<\/strong><\/td><td>Wild Bunch Germany GmbH, Central Film Verleih GmbH<\/td><\/tr><\/tbody><\/table><\/figure>\n\n\n\n<p>Filmtext<\/p>\n\n\n\n<p>F\u00fcnf junge Frauen \u2013 Jessica, Perla, Julie, Na\u00efma und Ariane \u2013 leben gemeinsam in einem Heim f\u00fcr alleinerziehende M\u00fctter. Jede von ihnen hat eine schwierige Vergangenheit, gepr\u00e4gt von Armut, famili\u00e4ren Konflikten und gesellschaftlichen H\u00fcrden. Doch trotz der herausfordernden Umst\u00e4nde teilen sie einen gemeinsamen Traum: Sie wollen ihren Kindern ein besseres Leben erm\u00f6glichen. Dabei k\u00e4mpfen sie nicht nur gegen \u00e4u\u00dfere Widerst\u00e4nde, sondern auch mit pers\u00f6nlichen D\u00e4monen \u2013 und der Frage, wie sie als junge M\u00fctter in einer oft gnadenlosen Gesellschaft bestehen k\u00f6nnen. (Filmfest Hamburg)<\/p>\n\n\n\n<p>Ausgezeichnet mit dem Preis der \u00d6kumenischen Jury beim 78. Internationalen Filmfestival von Cannes 2025 (Wettbewerb)<\/p>\n","protected":false},"excerpt":{"rendered":"<p>Preistr\u00e4ger: 78e&nbsp;Festival International du Film de Cannes 2025, Preis der \u00d6kumenischen Jury Geplanter Filmstart: 05.03. 2026 Regie: Jean-Pierre Dardenne, Luc Dardenne (Belgien, Frankreich 2025) Verleih: Wild Bunch Germany GmbH, Central Film Verleih GmbH Filmtext F\u00fcnf junge Frauen \u2013 Jessica, Perla, Julie, Na\u00efma und Ariane \u2013 leben gemeinsam in einem Heim f\u00fcr alleinerziehende M\u00fctter. Jede von ihnen hat eine schwierige Vergangenheit, gepr\u00e4gt von Armut, famili\u00e4ren Konflikten und gesellschaftlichen H\u00fcrden. Doch trotz der herausfordernden Umst\u00e4nde teilen sie [&#8230;]<\/p>\n","protected":false},"author":2,"featured_media":0,"comment_status":"closed","ping_status":"closed","sticky":false,"template":"","format":"standard","meta":{"_acf_changed":false,"footnotes":""},"categories":[36],"tags":[],"class_list":["post-1643","post","type-post","status-publish","format-standard","hentry","category-preisgekroente-filme"],"acf":[],"publishpress_future_action":{"enabled":false,"date":"2026-05-05 19:43:32","action":"change-status","newStatus":"draft","terms":[],"taxonomy":"category","extraData":[]},"publishpress_future_workflow_manual_trigger":{"enabledWorkflows":[]},"_links":{"self":[{"href":"https:\/\/interfilm-deutschland.de\/index.php?rest_route=\/wp\/v2\/posts\/1643","targetHints":{"allow":["GET"]}}],"collection":[{"href":"https:\/\/interfilm-deutschland.de\/index.php?rest_route=\/wp\/v2\/posts"}],"about":[{"href":"https:\/\/interfilm-deutschland.de\/index.php?rest_route=\/wp\/v2\/types\/post"}],"author":[{"embeddable":true,"href":"https:\/\/interfilm-deutschland.de\/index.php?rest_route=\/wp\/v2\/users\/2"}],"replies":[{"embeddable":true,"href":"https:\/\/interfilm-deutschland.de\/index.php?rest_route=%2Fwp%2Fv2%2Fcomments&post=1643"}],"version-history":[{"count":1,"href":"https:\/\/interfilm-deutschland.de\/index.php?rest_route=\/wp\/v2\/posts\/1643\/revisions"}],"predecessor-version":[{"id":1644,"href":"https:\/\/interfilm-deutschland.de\/index.php?rest_route=\/wp\/v2\/posts\/1643\/revisions\/1644"}],"wp:attachment":[{"href":"https:\/\/interfilm-deutschland.de\/index.php?rest_route=%2Fwp%2Fv2%2Fmedia&parent=1643"}],"wp:term":[{"taxonomy":"category","embeddable":true,"href":"https:\/\/interfilm-deutschland.de\/index.php?rest_route=%2Fwp%2Fv2%2Fcategories&post=1643"},{"taxonomy":"post_tag","embeddable":true,"href":"https:\/\/interfilm-deutschland.de\/index.php?rest_route=%2Fwp%2Fv2%2Ftags&post=1643"}],"curies":[{"name":"wp","href":"https:\/\/api.w.org\/{rel}","templated":true}]}}