{"id":1645,"date":"2026-01-31T20:08:35","date_gmt":"2026-01-31T19:08:35","guid":{"rendered":"https:\/\/interfilm-deutschland.de\/?p=1645"},"modified":"2026-01-31T20:08:36","modified_gmt":"2026-01-31T19:08:36","slug":"wovon-sollen-wir-traeumen","status":"publish","type":"post","link":"https:\/\/interfilm-deutschland.de\/?p=1645","title":{"rendered":"Wovon sollen wir tr\u00e4umen"},"content":{"rendered":"\n<figure class=\"wp-block-table\"><table class=\"has-fixed-layout\"><tbody><tr><td><strong>Preistr\u00e4ger:<\/strong><\/td><td>47. Filmfestival Max Oph\u00fcls Preis,&nbsp;Preis der \u00d6kumenischen Jury<\/td><\/tr><tr><td><strong>Geplanter Filmstart:<\/strong><\/td><td>19.02.2026<\/td><\/tr><tr><td><strong>Regie:<\/strong><\/td><td>Milena Aboyan, Constantin Hatz Luc Dardenne (Deutschland 2025)<\/td><\/tr><tr><td><strong>Verleih:<\/strong><\/td><td>ProU Producers United Film, Filmwelt Verleihagentur GmbH<\/td><\/tr><\/tbody><\/table><\/figure>\n\n\n\n<p>Filmtext<\/p>\n\n\n\n<p>An einer Lebensmittelausgabe kreuzen sich die Wege dreier Frauen. Laura ist seit Kurzem Freig\u00e4ngerin und sollte sich aus Konflikten heraushalten. Aber als ein Mann die Kurdin Ev\u00een rassistisch beleidigt, stellt sie sich sch\u00fctzend vor die Frau. Die Situation eskaliert und Polizistin Julia kommt dazu, um den Streit zu schlichten. F\u00fcr einen kurzen Moment streifen sich die Schicksale der drei Frauen \u2013 ehe sie in getrennten Bahnen weitertreiben und in ihren eigenen \u00dcberlebenskampf zur\u00fcckkehren.&nbsp;(Filmfestival Max Oph\u00fcls Preis)<\/p>\n\n\n\n<p>Ausgezeichnet mit dem Preis der \u00d6kumenischen Jury beim 47. Filmfestival Max Oph\u00fcls Preis, Saarbr\u00fccken 2026 (Spielfilmwettbewerb)<\/p>\n","protected":false},"excerpt":{"rendered":"<p>Preistr\u00e4ger: 47. Filmfestival Max Oph\u00fcls Preis,&nbsp;Preis der \u00d6kumenischen Jury Geplanter Filmstart: 19.02.2026 Regie: Milena Aboyan, Constantin Hatz Luc Dardenne (Deutschland 2025) Verleih: ProU Producers United Film, Filmwelt Verleihagentur GmbH Filmtext An einer Lebensmittelausgabe kreuzen sich die Wege dreier Frauen. Laura ist seit Kurzem Freig\u00e4ngerin und sollte sich aus Konflikten heraushalten. Aber als ein Mann die Kurdin Ev\u00een rassistisch beleidigt, stellt sie sich sch\u00fctzend vor die Frau. Die Situation eskaliert und Polizistin Julia kommt dazu, um [&#8230;]<\/p>\n","protected":false},"author":2,"featured_media":0,"comment_status":"closed","ping_status":"closed","sticky":false,"template":"","format":"standard","meta":{"_acf_changed":false,"footnotes":""},"categories":[36],"tags":[],"class_list":["post-1645","post","type-post","status-publish","format-standard","hentry","category-preisgekroente-filme"],"acf":[],"publishpress_future_action":{"enabled":false,"date":"2026-05-05 19:43:32","action":"change-status","newStatus":"draft","terms":[],"taxonomy":"category","extraData":[]},"publishpress_future_workflow_manual_trigger":{"enabledWorkflows":[]},"_links":{"self":[{"href":"https:\/\/interfilm-deutschland.de\/index.php?rest_route=\/wp\/v2\/posts\/1645","targetHints":{"allow":["GET"]}}],"collection":[{"href":"https:\/\/interfilm-deutschland.de\/index.php?rest_route=\/wp\/v2\/posts"}],"about":[{"href":"https:\/\/interfilm-deutschland.de\/index.php?rest_route=\/wp\/v2\/types\/post"}],"author":[{"embeddable":true,"href":"https:\/\/interfilm-deutschland.de\/index.php?rest_route=\/wp\/v2\/users\/2"}],"replies":[{"embeddable":true,"href":"https:\/\/interfilm-deutschland.de\/index.php?rest_route=%2Fwp%2Fv2%2Fcomments&post=1645"}],"version-history":[{"count":1,"href":"https:\/\/interfilm-deutschland.de\/index.php?rest_route=\/wp\/v2\/posts\/1645\/revisions"}],"predecessor-version":[{"id":1646,"href":"https:\/\/interfilm-deutschland.de\/index.php?rest_route=\/wp\/v2\/posts\/1645\/revisions\/1646"}],"wp:attachment":[{"href":"https:\/\/interfilm-deutschland.de\/index.php?rest_route=%2Fwp%2Fv2%2Fmedia&parent=1645"}],"wp:term":[{"taxonomy":"category","embeddable":true,"href":"https:\/\/interfilm-deutschland.de\/index.php?rest_route=%2Fwp%2Fv2%2Fcategories&post=1645"},{"taxonomy":"post_tag","embeddable":true,"href":"https:\/\/interfilm-deutschland.de\/index.php?rest_route=%2Fwp%2Fv2%2Ftags&post=1645"}],"curies":[{"name":"wp","href":"https:\/\/api.w.org\/{rel}","templated":true}]}}