{"id":1647,"date":"2026-01-31T20:09:54","date_gmt":"2026-01-31T19:09:54","guid":{"rendered":"https:\/\/interfilm-deutschland.de\/?p=1647"},"modified":"2026-01-31T20:09:55","modified_gmt":"2026-01-31T19:09:55","slug":"ein-kuchen-fuer-den-praesidenten-the-presidents-cake","status":"publish","type":"post","link":"https:\/\/interfilm-deutschland.de\/?p=1647","title":{"rendered":"Ein Kuchen f\u00fcr den Pr\u00e4sidenten (The President\u2019s Cake)"},"content":{"rendered":"\n<figure class=\"wp-block-table\"><table class=\"has-fixed-layout\"><tbody><tr><td><strong>Preistr\u00e4ger:<\/strong><\/td><td>21. Cinefest Miskolc,&nbsp;Preis der \u00d6kumenischen Jury<\/td><\/tr><tr><td><strong>Geplanter Filmstart:<\/strong><\/td><td>05.02.2026<\/td><\/tr><tr><td><strong>Regie:<\/strong><\/td><td>Hasan Hadi (Irak, USA, Katar 2025)<\/td><\/tr><tr><td><strong>Verleih:<\/strong><\/td><td>Vuelta Germany<\/td><\/tr><\/tbody><\/table><\/figure>\n\n\n\n<p>Filmtext<\/p>\n\n\n\n<p>Der Irak in den 90er-Jahren. W\u00e4hrend Diktator Saddam Hussein trotz Not und Mangel seinen Geburtstag landesweit feiern l\u00e4sst, zieht die 9-j\u00e4hrige Lamia in ihrer Schule ein gef\u00fcrchtetes Los: Sie muss den Kuchen f\u00fcr die \u00f6rtlichen Feierlichkeiten backen. Es ist eine fast unl\u00f6sbare Aufgabe, denn im Land sind alle Lebensmittel knapp. Eier, Zucker und Mehl sind es erst recht. Doch sie muss es schaffen, sonst drohen ihrer Familie harte Strafen. (Presseheft)<\/p>\n\n\n\n<p>Ausgezeichnet mit dem Preis der \u00d6kumenischen Jury beim 21. Cinefest Miskolc 2025<\/p>\n","protected":false},"excerpt":{"rendered":"<p>Preistr\u00e4ger: 21. Cinefest Miskolc,&nbsp;Preis der \u00d6kumenischen Jury Geplanter Filmstart: 05.02.2026 Regie: Hasan Hadi (Irak, USA, Katar 2025) Verleih: Vuelta Germany Filmtext Der Irak in den 90er-Jahren. W\u00e4hrend Diktator Saddam Hussein trotz Not und Mangel seinen Geburtstag landesweit feiern l\u00e4sst, zieht die 9-j\u00e4hrige Lamia in ihrer Schule ein gef\u00fcrchtetes Los: Sie muss den Kuchen f\u00fcr die \u00f6rtlichen Feierlichkeiten backen. Es ist eine fast unl\u00f6sbare Aufgabe, denn im Land sind alle Lebensmittel knapp. Eier, Zucker und Mehl [&#8230;]<\/p>\n","protected":false},"author":2,"featured_media":0,"comment_status":"closed","ping_status":"closed","sticky":false,"template":"","format":"standard","meta":{"_acf_changed":false,"footnotes":""},"categories":[36],"tags":[],"class_list":["post-1647","post","type-post","status-publish","format-standard","hentry","category-preisgekroente-filme"],"acf":[],"publishpress_future_action":{"enabled":false,"date":"2026-05-05 19:44:52","action":"change-status","newStatus":"draft","terms":[],"taxonomy":"category","extraData":[]},"publishpress_future_workflow_manual_trigger":{"enabledWorkflows":[]},"_links":{"self":[{"href":"https:\/\/interfilm-deutschland.de\/index.php?rest_route=\/wp\/v2\/posts\/1647","targetHints":{"allow":["GET"]}}],"collection":[{"href":"https:\/\/interfilm-deutschland.de\/index.php?rest_route=\/wp\/v2\/posts"}],"about":[{"href":"https:\/\/interfilm-deutschland.de\/index.php?rest_route=\/wp\/v2\/types\/post"}],"author":[{"embeddable":true,"href":"https:\/\/interfilm-deutschland.de\/index.php?rest_route=\/wp\/v2\/users\/2"}],"replies":[{"embeddable":true,"href":"https:\/\/interfilm-deutschland.de\/index.php?rest_route=%2Fwp%2Fv2%2Fcomments&post=1647"}],"version-history":[{"count":1,"href":"https:\/\/interfilm-deutschland.de\/index.php?rest_route=\/wp\/v2\/posts\/1647\/revisions"}],"predecessor-version":[{"id":1648,"href":"https:\/\/interfilm-deutschland.de\/index.php?rest_route=\/wp\/v2\/posts\/1647\/revisions\/1648"}],"wp:attachment":[{"href":"https:\/\/interfilm-deutschland.de\/index.php?rest_route=%2Fwp%2Fv2%2Fmedia&parent=1647"}],"wp:term":[{"taxonomy":"category","embeddable":true,"href":"https:\/\/interfilm-deutschland.de\/index.php?rest_route=%2Fwp%2Fv2%2Fcategories&post=1647"},{"taxonomy":"post_tag","embeddable":true,"href":"https:\/\/interfilm-deutschland.de\/index.php?rest_route=%2Fwp%2Fv2%2Ftags&post=1647"}],"curies":[{"name":"wp","href":"https:\/\/api.w.org\/{rel}","templated":true}]}}