{"id":463,"date":"2023-01-21T16:08:37","date_gmt":"2023-01-21T16:08:37","guid":{"rendered":"https:\/\/interfilm-deutschland.de\/?p=463"},"modified":"2023-06-24T08:21:58","modified_gmt":"2023-06-24T08:21:58","slug":"die-kairo-verschworung-boy-from-heaven-gewinnt-okumenischen-filmpreis-in-lubeck","status":"publish","type":"post","link":"https:\/\/interfilm-deutschland.de\/?p=463","title":{"rendered":"Die Kairo Verschw\u00f6rung (Boy from Heaven) gewinnt \u00f6kumenischen Filmpreis in L\u00fcbeck."},"content":{"rendered":"\n<p>Die INTERFILM-Jury verleiht den mit 5000 \u20ac vom Evangelischen Kirchenkreis L\u00fcbeck-Lauenburg dotierten Kirchlichen Filmpreis an <strong>Walad Min Al Janna | Boy From Heaven<\/strong> von Tarik Saleh (Schweden, Frankreich, Finnland, Marokko, D\u00e4nemark 2022)<\/p>\n\n\n\n<figure class=\"wp-block-image size-large\"><img loading=\"lazy\" decoding=\"async\" width=\"1024\" height=\"682\" src=\"https:\/\/interfilm-deutschland.de\/wp-content\/uploads\/2023\/01\/Jury-und-Fesdtivalleitung-Lubeck-2022-1024x682.jpg\" alt=\"\" class=\"wp-image-462\" srcset=\"https:\/\/interfilm-deutschland.de\/wp-content\/uploads\/2023\/01\/Jury-und-Fesdtivalleitung-Lubeck-2022-1024x682.jpg 1024w, https:\/\/interfilm-deutschland.de\/wp-content\/uploads\/2023\/01\/Jury-und-Fesdtivalleitung-Lubeck-2022-300x200.jpg 300w, https:\/\/interfilm-deutschland.de\/wp-content\/uploads\/2023\/01\/Jury-und-Fesdtivalleitung-Lubeck-2022-768x511.jpg 768w, https:\/\/interfilm-deutschland.de\/wp-content\/uploads\/2023\/01\/Jury-und-Fesdtivalleitung-Lubeck-2022-1536x1022.jpg 1536w, https:\/\/interfilm-deutschland.de\/wp-content\/uploads\/2023\/01\/Jury-und-Fesdtivalleitung-Lubeck-2022-2048x1363.jpg 2048w, https:\/\/interfilm-deutschland.de\/wp-content\/uploads\/2023\/01\/Jury-und-Fesdtivalleitung-Lubeck-2022-1080x719.jpg 1080w\" sizes=\"auto, (max-width: 1024px) 100vw, 1024px\" \/><figcaption class=\"wp-element-caption\">Die \u00d6kumenische Jury in L\u00fcbeck. <br>Foto: \u00a9 NFL\/Olaf Malzahn<\/figcaption><\/figure>\n\n\n\n<p>In einer Welt, in der die Wahrheit mit F\u00fc\u00dfen getreten wird, versucht ein junger Mann aus dem Glauben heraus f\u00fcr die Wahrheit einzutreten.\u00a0Er besucht die prestigereiche\u00a0al-Azhar-Universit\u00e4t in Kairo und ger\u00e4t dort in den Machtkampf zwischen der politischen und religi\u00f6sen Elite, in dem Religion nur als Maske dient.\u00a0Der Film zeigt die Quelle der wahren Weisheit und der pers\u00f6nlichen \u00dcberzeugung der Hauptfigur. Manche m\u00f6gen ihn Engel nennen oder einfach &#8222;boy from heaven&#8220;.<\/p>\n","protected":false},"excerpt":{"rendered":"<p>Die INTERFILM-Jury verleiht den mit 5000 \u20ac vom Evangelischen Kirchenkreis L\u00fcbeck-Lauenburg dotierten Kirchlichen Filmpreis an Walad Min Al Janna | Boy From Heaven von Tarik Saleh (Schweden, Frankreich, Finnland, Marokko, D\u00e4nemark 2022) In einer Welt, in der die Wahrheit mit F\u00fc\u00dfen getreten wird, versucht ein junger Mann aus dem Glauben heraus f\u00fcr die Wahrheit einzutreten.\u00a0Er besucht die prestigereiche\u00a0al-Azhar-Universit\u00e4t in Kairo und ger\u00e4t dort in den Machtkampf zwischen der politischen und religi\u00f6sen Elite, in dem Religion [&#8230;]<\/p>\n","protected":false},"author":1,"featured_media":462,"comment_status":"open","ping_status":"closed","sticky":false,"template":"","format":"standard","meta":{"_acf_changed":false,"footnotes":""},"categories":[25,1],"tags":[],"class_list":["post-463","post","type-post","status-publish","format-standard","has-post-thumbnail","hentry","category-news","category-uncategorized"],"acf":[],"publishpress_future_action":{"enabled":false,"date":"2026-05-05 18:40:13","action":"change-status","newStatus":"draft","terms":[],"taxonomy":"category","extraData":[]},"publishpress_future_workflow_manual_trigger":{"enabledWorkflows":[]},"_links":{"self":[{"href":"https:\/\/interfilm-deutschland.de\/index.php?rest_route=\/wp\/v2\/posts\/463","targetHints":{"allow":["GET"]}}],"collection":[{"href":"https:\/\/interfilm-deutschland.de\/index.php?rest_route=\/wp\/v2\/posts"}],"about":[{"href":"https:\/\/interfilm-deutschland.de\/index.php?rest_route=\/wp\/v2\/types\/post"}],"author":[{"embeddable":true,"href":"https:\/\/interfilm-deutschland.de\/index.php?rest_route=\/wp\/v2\/users\/1"}],"replies":[{"embeddable":true,"href":"https:\/\/interfilm-deutschland.de\/index.php?rest_route=%2Fwp%2Fv2%2Fcomments&post=463"}],"version-history":[{"count":1,"href":"https:\/\/interfilm-deutschland.de\/index.php?rest_route=\/wp\/v2\/posts\/463\/revisions"}],"predecessor-version":[{"id":464,"href":"https:\/\/interfilm-deutschland.de\/index.php?rest_route=\/wp\/v2\/posts\/463\/revisions\/464"}],"wp:featuredmedia":[{"embeddable":true,"href":"https:\/\/interfilm-deutschland.de\/index.php?rest_route=\/wp\/v2\/media\/462"}],"wp:attachment":[{"href":"https:\/\/interfilm-deutschland.de\/index.php?rest_route=%2Fwp%2Fv2%2Fmedia&parent=463"}],"wp:term":[{"taxonomy":"category","embeddable":true,"href":"https:\/\/interfilm-deutschland.de\/index.php?rest_route=%2Fwp%2Fv2%2Fcategories&post=463"},{"taxonomy":"post_tag","embeddable":true,"href":"https:\/\/interfilm-deutschland.de\/index.php?rest_route=%2Fwp%2Fv2%2Ftags&post=463"}],"curies":[{"name":"wp","href":"https:\/\/api.w.org\/{rel}","templated":true}]}}