{"id":778,"date":"2023-08-10T09:24:28","date_gmt":"2023-08-10T09:24:28","guid":{"rendered":"https:\/\/interfilm-deutschland.de\/?p=778"},"modified":"2023-08-10T09:29:01","modified_gmt":"2023-08-10T09:29:01","slug":"ehrenpreis-fuer-regisseur-istvan-szabo-am-locarno-film-festival","status":"publish","type":"post","link":"https:\/\/interfilm-deutschland.de\/?p=778","title":{"rendered":"Ehrenpreis f\u00fcr Regisseur Istv\u00e1n Szab\u00f3 am Locarno Film Festival"},"content":{"rendered":"\n<p><strong>Foto:<\/strong> Ehrenpreis f\u00fcr Regisseur Istv\u00e1n Szab\u00f3 am Locarno Film Festival, \u00a9 Sarah Stutte<\/p>\n\n\n\n<hr class=\"wp-block-separator has-alpha-channel-opacity is-style-wide\"\/>\n\n\n\n<p>Der Oskar-Preistr\u00e4ger Istv\u00e1n Szab\u00f3 (85) ist zu Gast in Locarno. Am 8. August wurde er mit dem Ehrenpreis der \u00d6kumenischen Jury am Filmfestival ausgezeichnet. Damit verbunden ist ein \u00f6ffentliches Podium mit dem Regisseur und die Europ\u00e4ische Premiere seines Films \u00abAbschlussbericht\u00bb am 10. August. Anlass f\u00fcr diesen Preis ist das Jubil\u00e4um \u00ab50 Jahre \u00d6kumenische Jury Locarno\u00bb.<\/p>\n","protected":false},"excerpt":{"rendered":"<p>Der Oskar-Preistr\u00e4ger Istv\u00e1n Szab\u00f3 (85) ist zu Gast in Locarno. Am 8. August wurde er mit dem Ehrenpreis der \u00d6kumenischen Jury am Filmfestival ausgezeichnet.<\/p>\n","protected":false},"author":3,"featured_media":779,"comment_status":"open","ping_status":"closed","sticky":false,"template":"","format":"standard","meta":{"_acf_changed":false,"footnotes":""},"categories":[25],"tags":[],"class_list":["post-778","post","type-post","status-publish","format-standard","has-post-thumbnail","hentry","category-news"],"acf":[],"publishpress_future_action":{"enabled":false,"date":"2026-05-05 18:17:46","action":"change-status","newStatus":"draft","terms":[],"taxonomy":"category","extraData":[]},"publishpress_future_workflow_manual_trigger":{"enabledWorkflows":[]},"_links":{"self":[{"href":"https:\/\/interfilm-deutschland.de\/index.php?rest_route=\/wp\/v2\/posts\/778","targetHints":{"allow":["GET"]}}],"collection":[{"href":"https:\/\/interfilm-deutschland.de\/index.php?rest_route=\/wp\/v2\/posts"}],"about":[{"href":"https:\/\/interfilm-deutschland.de\/index.php?rest_route=\/wp\/v2\/types\/post"}],"author":[{"embeddable":true,"href":"https:\/\/interfilm-deutschland.de\/index.php?rest_route=\/wp\/v2\/users\/3"}],"replies":[{"embeddable":true,"href":"https:\/\/interfilm-deutschland.de\/index.php?rest_route=%2Fwp%2Fv2%2Fcomments&post=778"}],"version-history":[{"count":5,"href":"https:\/\/interfilm-deutschland.de\/index.php?rest_route=\/wp\/v2\/posts\/778\/revisions"}],"predecessor-version":[{"id":784,"href":"https:\/\/interfilm-deutschland.de\/index.php?rest_route=\/wp\/v2\/posts\/778\/revisions\/784"}],"wp:featuredmedia":[{"embeddable":true,"href":"https:\/\/interfilm-deutschland.de\/index.php?rest_route=\/wp\/v2\/media\/779"}],"wp:attachment":[{"href":"https:\/\/interfilm-deutschland.de\/index.php?rest_route=%2Fwp%2Fv2%2Fmedia&parent=778"}],"wp:term":[{"taxonomy":"category","embeddable":true,"href":"https:\/\/interfilm-deutschland.de\/index.php?rest_route=%2Fwp%2Fv2%2Fcategories&post=778"},{"taxonomy":"post_tag","embeddable":true,"href":"https:\/\/interfilm-deutschland.de\/index.php?rest_route=%2Fwp%2Fv2%2Ftags&post=778"}],"curies":[{"name":"wp","href":"https:\/\/api.w.org\/{rel}","templated":true}]}}